{"id":1156,"date":"2025-09-23T17:13:55","date_gmt":"2025-09-23T15:13:55","guid":{"rendered":"https:\/\/baumkreisumdiewelt.org\/?p=1156"},"modified":"2025-09-23T17:13:55","modified_gmt":"2025-09-23T15:13:55","slug":"esterhazy-kids-aktionstag-fuer-eine-bessere-welt","status":"publish","type":"post","link":"https:\/\/baumkreisumdiewelt.org\/en\/esterhazy-kids-aktionstag-fuer-eine-bessere-welt\/","title":{"rendered":"Esterhazy Kids Action Day: For a better world"},"content":{"rendered":"<div data-elementor-type=\"wp-post\" data-elementor-id=\"1156\" class=\"elementor elementor-1156\" data-elementor-post-type=\"post\">\n\t\t\t\t<div class=\"elementor-element elementor-element-734d913 e-flex e-con-boxed e-con e-parent\" data-id=\"734d913\" data-element_type=\"container\" data-e-type=\"container\">\n\t\t\t\t\t<div class=\"e-con-inner\">\n\t\t\t\t<div class=\"elementor-element elementor-element-04df371 elementor-widget elementor-widget-text-editor\" data-id=\"04df371\" data-element_type=\"widget\" data-e-type=\"widget\" data-widget_type=\"text-editor.default\">\n\t\t\t\t<div class=\"elementor-widget-container\">\n\t\t\t\t\t\t\t\t\t<p>6 May 2025, 7:30 am, pouring rain. We, Tim and Brigitte, are on our way to the SDG Action Day (SDG: Sustainable Development Goals) at Schloss Lackenbach, where we want to teach Burgenland schoolchildren how important trees are for the climate in the name of the \"Tree Circle around the World\". The event will take place outdoors...<\/p><h2>Rain = bad weather?<\/h2><p>We think about it: What are we going to do with our planned contribution in this bad weather? But is it really bad? After so many months without rain? The trees are certainly happy about the rain in their own way... We already have a new entry in our programme. The rain promptly helps and pauses as we hang various objects in the trees in the arboretum, all gifts from trees, with a few exceptions. The children have to recognise them in a puzzle rally.<\/p><h2>Experience trees with all your senses<\/h2><p>Then we start... \"What do you think of the weather today?\", we ask, and the children quickly realise how much the rain is good for the trees and many living creatures. We tell a few basic facts about the cycles of CO2 and water and the roles that trees and other plants play in this, but we don't just want to feed the children's minds, we want to appeal to all their senses: What do you experience when you close your eyes and let someone else guide you through the park with confidence? What do the delicate green May tops of the mighty Douglas fir taste like? And have you already stroked the velvety leaves of the Persian oak?<\/p><p>At the end, we sing \"Everything comes from the tree\" and give the children and their teachers wild herb seeds for their school beds. May the seeds of this day flourish!<\/p><p>\u00a0<\/p><h2><strong>What is the SDG Action Day?<\/strong><\/h2><p>As part of the \"For a better world\" day of action, Esterhazy and 21 partner organisations offered around 500 participants the opportunity to actively engage with the 17 Sustainable Development Goals (SDGs) on 6 May 2025 on the grounds of Lackenbach Castle. At the same time, the young people presented the projects they had developed themselves.<\/p><p>Further information:<\/p><p><a href=\"https:\/\/esterhazy.at\/presse\/esterhazy-kids-aktionstag-f%C3%BCr-eine-bessere-welt\" target=\"_blank\" rel=\"noopener\">esterhazy.at<\/a><\/p><p>\u00a0<\/p><p>Photos: Andras Hafenscher<\/p>\t\t\t\t\t\t\t\t<\/div>\n\t\t\t\t<\/div>\n\t\t\t\t<div class=\"elementor-element elementor-element-5895a3a elementor-widget elementor-widget-image\" data-id=\"5895a3a\" data-element_type=\"widget\" data-e-type=\"widget\" data-widget_type=\"image.default\">\n\t\t\t\t<div class=\"elementor-widget-container\">\n\t\t\t\t\t\t\t\t\t\t\t\t\t\t\t<img fetchpriority=\"high\" decoding=\"async\" width=\"800\" height=\"600\" src=\"https:\/\/baumkreisumdiewelt.org\/wp-content\/uploads\/2025\/09\/Baumkreis__Esterhazy-Aktionstag_01__c_Andras-Hafenscher-1024x768.jpeg\" class=\"attachment-large size-large wp-image-1162\" alt=\"Was kommt vom Baum\" srcset=\"https:\/\/baumkreisumdiewelt.org\/wp-content\/uploads\/2025\/09\/Baumkreis__Esterhazy-Aktionstag_01__c_Andras-Hafenscher-1024x768.jpeg 1024w, https:\/\/baumkreisumdiewelt.org\/wp-content\/uploads\/2025\/09\/Baumkreis__Esterhazy-Aktionstag_01__c_Andras-Hafenscher-300x225.jpeg 300w, https:\/\/baumkreisumdiewelt.org\/wp-content\/uploads\/2025\/09\/Baumkreis__Esterhazy-Aktionstag_01__c_Andras-Hafenscher-768x576.jpeg 768w, https:\/\/baumkreisumdiewelt.org\/wp-content\/uploads\/2025\/09\/Baumkreis__Esterhazy-Aktionstag_01__c_Andras-Hafenscher-1536x1152.jpeg 1536w, https:\/\/baumkreisumdiewelt.org\/wp-content\/uploads\/2025\/09\/Baumkreis__Esterhazy-Aktionstag_01__c_Andras-Hafenscher-16x12.jpeg 16w, https:\/\/baumkreisumdiewelt.org\/wp-content\/uploads\/2025\/09\/Baumkreis__Esterhazy-Aktionstag_01__c_Andras-Hafenscher.jpeg 1600w\" sizes=\"(max-width: 800px) 100vw, 800px\" \/>\t\t\t\t\t\t\t\t\t\t\t\t\t\t\t<\/div>\n\t\t\t\t<\/div>\n\t\t\t\t<div class=\"elementor-element elementor-element-209919a elementor-widget elementor-widget-image\" data-id=\"209919a\" data-element_type=\"widget\" data-e-type=\"widget\" data-widget_type=\"image.default\">\n\t\t\t\t<div class=\"elementor-widget-container\">\n\t\t\t\t\t\t\t\t\t\t\t\t\t\t\t<img decoding=\"async\" width=\"768\" height=\"1024\" src=\"https:\/\/baumkreisumdiewelt.org\/wp-content\/uploads\/2025\/09\/Baumkreis__Esterhazy-Aktionstag_03__c_Andras-Hafenscher-768x1024.jpeg\" class=\"attachment-large size-large wp-image-1159\" alt=\"Tim Martina Sch\u00e4ffer und Brigitte Tiefenthaler\" srcset=\"https:\/\/baumkreisumdiewelt.org\/wp-content\/uploads\/2025\/09\/Baumkreis__Esterhazy-Aktionstag_03__c_Andras-Hafenscher-768x1024.jpeg 768w, https:\/\/baumkreisumdiewelt.org\/wp-content\/uploads\/2025\/09\/Baumkreis__Esterhazy-Aktionstag_03__c_Andras-Hafenscher-225x300.jpeg 225w, https:\/\/baumkreisumdiewelt.org\/wp-content\/uploads\/2025\/09\/Baumkreis__Esterhazy-Aktionstag_03__c_Andras-Hafenscher-1152x1536.jpeg 1152w, https:\/\/baumkreisumdiewelt.org\/wp-content\/uploads\/2025\/09\/Baumkreis__Esterhazy-Aktionstag_03__c_Andras-Hafenscher-9x12.jpeg 9w, https:\/\/baumkreisumdiewelt.org\/wp-content\/uploads\/2025\/09\/Baumkreis__Esterhazy-Aktionstag_03__c_Andras-Hafenscher.jpeg 1200w\" sizes=\"(max-width: 768px) 100vw, 768px\" \/>\t\t\t\t\t\t\t\t\t\t\t\t\t\t\t<\/div>\n\t\t\t\t<\/div>\n\t\t\t\t\t<\/div>\n\t\t\t\t<\/div>\n\t\t<div class=\"elementor-element elementor-element-b546ede e-flex e-con-boxed e-con e-parent\" data-id=\"b546ede\" data-element_type=\"container\" data-e-type=\"container\">\n\t\t\t\t\t<div class=\"e-con-inner\">\n\t\t\t\t\t<\/div>\n\t\t\t\t<\/div>\n\t\t\t\t<\/div>","protected":false},"excerpt":{"rendered":"<p>6. Mai 2025, 7:30, str\u00f6mender Regen. Wir, Tim und Brigitte, sind unterwegs zum SDG-Aktionstag (SDG: Sustainable Development Goals) nach Schloss Lackenbach, wo wir im Namen des &#8222;Baumkreis um die Welt&#8220; burgenl\u00e4ndischen Sch\u00fcler*innen vermitteln wollen, wie wichtig B\u00e4ume f\u00fcr das Klima sind. Die Aktion findet im Freien statt\u2026 Regen = schlechtes Wetter? Wir \u00fcberlegen: Was machen [&hellip;]<\/p>\n","protected":false},"author":2,"featured_media":1161,"comment_status":"open","ping_status":"open","sticky":false,"template":"","format":"standard","meta":{"_acf_changed":false,"footnotes":""},"categories":[10],"tags":[18,17,16,19],"class_list":["post-1156","post","type-post","status-publish","format-standard","has-post-thumbnail","hentry","category-blog","tag-aktionstag","tag-esterhazy","tag-sdg","tag-wissensvermittlung"],"acf":[],"_links":{"self":[{"href":"https:\/\/baumkreisumdiewelt.org\/en\/wp-json\/wp\/v2\/posts\/1156","targetHints":{"allow":["GET"]}}],"collection":[{"href":"https:\/\/baumkreisumdiewelt.org\/en\/wp-json\/wp\/v2\/posts"}],"about":[{"href":"https:\/\/baumkreisumdiewelt.org\/en\/wp-json\/wp\/v2\/types\/post"}],"author":[{"embeddable":true,"href":"https:\/\/baumkreisumdiewelt.org\/en\/wp-json\/wp\/v2\/users\/2"}],"replies":[{"embeddable":true,"href":"https:\/\/baumkreisumdiewelt.org\/en\/wp-json\/wp\/v2\/comments?post=1156"}],"version-history":[{"count":3,"href":"https:\/\/baumkreisumdiewelt.org\/en\/wp-json\/wp\/v2\/posts\/1156\/revisions"}],"predecessor-version":[{"id":1165,"href":"https:\/\/baumkreisumdiewelt.org\/en\/wp-json\/wp\/v2\/posts\/1156\/revisions\/1165"}],"wp:featuredmedia":[{"embeddable":true,"href":"https:\/\/baumkreisumdiewelt.org\/en\/wp-json\/wp\/v2\/media\/1161"}],"wp:attachment":[{"href":"https:\/\/baumkreisumdiewelt.org\/en\/wp-json\/wp\/v2\/media?parent=1156"}],"wp:term":[{"taxonomy":"category","embeddable":true,"href":"https:\/\/baumkreisumdiewelt.org\/en\/wp-json\/wp\/v2\/categories?post=1156"},{"taxonomy":"post_tag","embeddable":true,"href":"https:\/\/baumkreisumdiewelt.org\/en\/wp-json\/wp\/v2\/tags?post=1156"}],"curies":[{"name":"wp","href":"https:\/\/api.w.org\/{rel}","templated":true}]}}