{"id":1157,"date":"2025-09-23T17:36:45","date_gmt":"2025-09-23T15:36:45","guid":{"rendered":"https:\/\/baumkreisumdiewelt.org\/?p=1157"},"modified":"2025-09-23T17:54:58","modified_gmt":"2025-09-23T15:54:58","slug":"baumkreis-fest-auftakt-auf-burg-bernstein","status":"publish","type":"post","link":"https:\/\/baumkreisumdiewelt.org\/en\/baumkreis-fest-auftakt-auf-burg-bernstein\/","title":{"rendered":"Tree circle festival \"Auftakt!\" at Bernstein Castle"},"content":{"rendered":"<div data-elementor-type=\"wp-post\" data-elementor-id=\"1157\" class=\"elementor elementor-1157\" data-elementor-post-type=\"post\">\n\t\t\t\t<div class=\"elementor-element elementor-element-734d913 e-flex e-con-boxed e-con e-parent\" data-id=\"734d913\" data-element_type=\"container\" data-e-type=\"container\">\n\t\t\t\t\t<div class=\"e-con-inner\">\n\t\t\t\t<div class=\"elementor-element elementor-element-04df371 elementor-widget elementor-widget-text-editor\" data-id=\"04df371\" data-element_type=\"widget\" data-e-type=\"widget\" data-widget_type=\"text-editor.default\">\n\t\t\t\t<div class=\"elementor-widget-container\">\n\t\t\t\t\t\t\t\t\t<p>A weekend full of music, nature and genuine encounters: at the tree circle festival \"Auftakt! Music, trees and stories\" at Burg Bernstein, people who love trees, appreciate music and want to make a difference together came together. For two days, people made music, listened, ate, sang, told stories and connected - with nature and with each other.<br \/><br \/><\/p><h2><strong>Particularly touching: \"The guitar and the tree\"<\/strong><\/h2><p>Saturday began with a biological tour by Johanna Alm\u00e1sy, who led us through the fascinating flora around the castle, peppered with anecdotes and exciting experiences.<\/p><p>At the talk concert <em>\"The guitar and the tree\"<\/em> pieces of music, poems and stories led us back to the origins of the instruments - and thus back to the trees. Old melodies, original compositions and melodious examples on guitar, cello, ukulele and cajon could be heard. The instrument makers and musicians also had their say: Where does the wood come from? What makes it sound special? How can we ensure that such trees can continue to grow in the future?<br \/><br \/>The \"Trees of Harmony\" project initiated by Tim Martina Sch\u00e4ffer was also launched on this evening - with the aim of planting and protecting trees that also play a role in musical instrument making. A powerful start: Thank you for the many generous donations!<\/p><h2><strong>Indulgence in the castle: food as an experience<\/strong><\/h2><p>A festive dinner in the historic rooms of the castle rounded off the Saturday. The herb chef served a multi-course menu with wild herbs, fresh vegetables and regional meat - lovingly prepared and served by candlelight. The mood was warm, the conversations lively, the atmosphere special.<\/p><h2><strong>In the forest: music, fairy tales, amazement<\/strong><\/h2><p>Sunday morning was dedicated to the forest. A walk together led through nature - with stations for singing, listening and pausing. Pieces of music and short mindfulness impulses accompanied the walk. Not spectacular, but profound - and for many a moment to really come to terms with themselves and the world. The excursion was crowned by the two stations in the middle of the forest, where the fairy tale of the wondrous pear tree took us to another world and wooden instruments from all over the world could be admired and heard.<br \/><br \/><\/p><h2><strong>Picnic &amp; finale in the castle courtyard<\/strong><\/h2><p>Afterwards, we had a picnic together in the castle courtyard - with home-baked bread, savoury spreads and sweet snacks. The weekend ended with sunshine, music and good humour. A spontaneous final concert by the musicians provided a cheerful finale - with pieces written and composed especially for the occasion. Thunderous applause!<\/p><h2><strong>What remains<\/strong><\/h2><p>AUFTAKT! was not just any old festival - it was a deliberate starting point. For new projects, for sustainable music-making, for a lively community. For many, it was a weekend that inspired them to think ahead, stay involved and grow together.<\/p><p>\u00a0<\/p>\t\t\t\t\t\t\t\t<\/div>\n\t\t\t\t<\/div>\n\t\t\t\t\t<\/div>\n\t\t\t\t<\/div>\n\t\t<div class=\"elementor-element elementor-element-573f23f e-grid e-con-boxed e-con e-parent\" data-id=\"573f23f\" data-element_type=\"container\" data-e-type=\"container\">\n\t\t\t\t\t<div class=\"e-con-inner\">\n\t\t\t\t<div class=\"elementor-element elementor-element-5789b43 elementor-widget elementor-widget-image\" data-id=\"5789b43\" data-element_type=\"widget\" data-e-type=\"widget\" data-widget_type=\"image.default\">\n\t\t\t\t<div class=\"elementor-widget-container\">\n\t\t\t\t\t\t\t\t\t\t\t\t\t\t\t<img fetchpriority=\"high\" decoding=\"async\" width=\"800\" height=\"600\" src=\"https:\/\/baumkreisumdiewelt.org\/wp-content\/uploads\/2025\/09\/Baumkreis-Fest_2025_02_c-Baumkreis-um-die-Welt-e.V-1024x768.jpeg\" class=\"attachment-large size-large wp-image-1172\" alt=\"\" srcset=\"https:\/\/baumkreisumdiewelt.org\/wp-content\/uploads\/2025\/09\/Baumkreis-Fest_2025_02_c-Baumkreis-um-die-Welt-e.V-1024x768.jpeg 1024w, https:\/\/baumkreisumdiewelt.org\/wp-content\/uploads\/2025\/09\/Baumkreis-Fest_2025_02_c-Baumkreis-um-die-Welt-e.V-300x225.jpeg 300w, https:\/\/baumkreisumdiewelt.org\/wp-content\/uploads\/2025\/09\/Baumkreis-Fest_2025_02_c-Baumkreis-um-die-Welt-e.V-768x576.jpeg 768w, https:\/\/baumkreisumdiewelt.org\/wp-content\/uploads\/2025\/09\/Baumkreis-Fest_2025_02_c-Baumkreis-um-die-Welt-e.V-1536x1152.jpeg 1536w, https:\/\/baumkreisumdiewelt.org\/wp-content\/uploads\/2025\/09\/Baumkreis-Fest_2025_02_c-Baumkreis-um-die-Welt-e.V-16x12.jpeg 16w, https:\/\/baumkreisumdiewelt.org\/wp-content\/uploads\/2025\/09\/Baumkreis-Fest_2025_02_c-Baumkreis-um-die-Welt-e.V.jpeg 2048w\" sizes=\"(max-width: 800px) 100vw, 800px\" \/>\t\t\t\t\t\t\t\t\t\t\t\t\t\t\t<\/div>\n\t\t\t\t<\/div>\n\t\t\t\t<div class=\"elementor-element elementor-element-1cdc30c elementor-widget elementor-widget-image\" data-id=\"1cdc30c\" data-element_type=\"widget\" data-e-type=\"widget\" data-widget_type=\"image.default\">\n\t\t\t\t<div class=\"elementor-widget-container\">\n\t\t\t\t\t\t\t\t\t\t\t\t\t\t\t<img decoding=\"async\" width=\"800\" height=\"600\" src=\"https:\/\/baumkreisumdiewelt.org\/wp-content\/uploads\/2025\/09\/Baumkreis-Fest_2025_03__c-Baumkreis-um-die-Welt-e.V-1024x768.jpeg\" class=\"attachment-large size-large wp-image-1173\" alt=\"\" srcset=\"https:\/\/baumkreisumdiewelt.org\/wp-content\/uploads\/2025\/09\/Baumkreis-Fest_2025_03__c-Baumkreis-um-die-Welt-e.V-1024x768.jpeg 1024w, https:\/\/baumkreisumdiewelt.org\/wp-content\/uploads\/2025\/09\/Baumkreis-Fest_2025_03__c-Baumkreis-um-die-Welt-e.V-300x225.jpeg 300w, https:\/\/baumkreisumdiewelt.org\/wp-content\/uploads\/2025\/09\/Baumkreis-Fest_2025_03__c-Baumkreis-um-die-Welt-e.V-768x576.jpeg 768w, https:\/\/baumkreisumdiewelt.org\/wp-content\/uploads\/2025\/09\/Baumkreis-Fest_2025_03__c-Baumkreis-um-die-Welt-e.V-1536x1152.jpeg 1536w, https:\/\/baumkreisumdiewelt.org\/wp-content\/uploads\/2025\/09\/Baumkreis-Fest_2025_03__c-Baumkreis-um-die-Welt-e.V-16x12.jpeg 16w, https:\/\/baumkreisumdiewelt.org\/wp-content\/uploads\/2025\/09\/Baumkreis-Fest_2025_03__c-Baumkreis-um-die-Welt-e.V.jpeg 2048w\" sizes=\"(max-width: 800px) 100vw, 800px\" \/>\t\t\t\t\t\t\t\t\t\t\t\t\t\t\t<\/div>\n\t\t\t\t<\/div>\n\t\t\t\t\t<\/div>\n\t\t\t\t<\/div>\n\t\t<div class=\"elementor-element elementor-element-c0e324f e-grid e-con-full e-con e-parent\" data-id=\"c0e324f\" data-element_type=\"container\" data-e-type=\"container\">\n\t\t\t\t<div class=\"elementor-element elementor-element-04190f3 elementor-widget elementor-widget-image\" data-id=\"04190f3\" data-element_type=\"widget\" data-e-type=\"widget\" data-widget_type=\"image.default\">\n\t\t\t\t<div class=\"elementor-widget-container\">\n\t\t\t\t\t\t\t\t\t\t\t\t\t\t\t<img decoding=\"async\" width=\"800\" height=\"600\" src=\"https:\/\/baumkreisumdiewelt.org\/wp-content\/uploads\/2025\/09\/Baumkreis-Fest_2025_06__c-Baumkreis-um-die-Welt-e.V-1024x768.jpeg\" class=\"attachment-large size-large wp-image-1169\" alt=\"\" srcset=\"https:\/\/baumkreisumdiewelt.org\/wp-content\/uploads\/2025\/09\/Baumkreis-Fest_2025_06__c-Baumkreis-um-die-Welt-e.V-1024x768.jpeg 1024w, https:\/\/baumkreisumdiewelt.org\/wp-content\/uploads\/2025\/09\/Baumkreis-Fest_2025_06__c-Baumkreis-um-die-Welt-e.V-300x225.jpeg 300w, https:\/\/baumkreisumdiewelt.org\/wp-content\/uploads\/2025\/09\/Baumkreis-Fest_2025_06__c-Baumkreis-um-die-Welt-e.V-768x576.jpeg 768w, https:\/\/baumkreisumdiewelt.org\/wp-content\/uploads\/2025\/09\/Baumkreis-Fest_2025_06__c-Baumkreis-um-die-Welt-e.V-1536x1152.jpeg 1536w, https:\/\/baumkreisumdiewelt.org\/wp-content\/uploads\/2025\/09\/Baumkreis-Fest_2025_06__c-Baumkreis-um-die-Welt-e.V-16x12.jpeg 16w, https:\/\/baumkreisumdiewelt.org\/wp-content\/uploads\/2025\/09\/Baumkreis-Fest_2025_06__c-Baumkreis-um-die-Welt-e.V.jpeg 2048w\" sizes=\"(max-width: 800px) 100vw, 800px\" \/>\t\t\t\t\t\t\t\t\t\t\t\t\t\t\t<\/div>\n\t\t\t\t<\/div>\n\t\t\t\t<div class=\"elementor-element elementor-element-db86b4c elementor-widget elementor-widget-image\" data-id=\"db86b4c\" data-element_type=\"widget\" data-e-type=\"widget\" data-widget_type=\"image.default\">\n\t\t\t\t<div class=\"elementor-widget-container\">\n\t\t\t\t\t\t\t\t\t\t\t\t\t\t\t<img loading=\"lazy\" decoding=\"async\" width=\"800\" height=\"600\" src=\"https:\/\/baumkreisumdiewelt.org\/wp-content\/uploads\/2025\/09\/Baumkreis-Fest_2025_08a__c-Baumkreis-um-die-Welt-e.V.--1024x768.jpeg\" class=\"attachment-large size-large wp-image-1179\" alt=\"\" srcset=\"https:\/\/baumkreisumdiewelt.org\/wp-content\/uploads\/2025\/09\/Baumkreis-Fest_2025_08a__c-Baumkreis-um-die-Welt-e.V.--1024x768.jpeg 1024w, https:\/\/baumkreisumdiewelt.org\/wp-content\/uploads\/2025\/09\/Baumkreis-Fest_2025_08a__c-Baumkreis-um-die-Welt-e.V.--300x225.jpeg 300w, https:\/\/baumkreisumdiewelt.org\/wp-content\/uploads\/2025\/09\/Baumkreis-Fest_2025_08a__c-Baumkreis-um-die-Welt-e.V.--768x576.jpeg 768w, https:\/\/baumkreisumdiewelt.org\/wp-content\/uploads\/2025\/09\/Baumkreis-Fest_2025_08a__c-Baumkreis-um-die-Welt-e.V.--16x12.jpeg 16w, https:\/\/baumkreisumdiewelt.org\/wp-content\/uploads\/2025\/09\/Baumkreis-Fest_2025_08a__c-Baumkreis-um-die-Welt-e.V.-.jpeg 1536w\" sizes=\"(max-width: 800px) 100vw, 800px\" \/>\t\t\t\t\t\t\t\t\t\t\t\t\t\t\t<\/div>\n\t\t\t\t<\/div>\n\t\t\t\t<div class=\"elementor-element elementor-element-9223e57 elementor-widget elementor-widget-image\" data-id=\"9223e57\" data-element_type=\"widget\" data-e-type=\"widget\" data-widget_type=\"image.default\">\n\t\t\t\t<div class=\"elementor-widget-container\">\n\t\t\t\t\t\t\t\t\t\t\t\t\t\t\t<img loading=\"lazy\" decoding=\"async\" width=\"800\" height=\"600\" src=\"https:\/\/baumkreisumdiewelt.org\/wp-content\/uploads\/2025\/09\/Baumkreis-Fest_2025_07__c-Baumkreis-um-die-Welt-e.V-1024x768.jpeg\" class=\"attachment-large size-large wp-image-1170\" alt=\"\" srcset=\"https:\/\/baumkreisumdiewelt.org\/wp-content\/uploads\/2025\/09\/Baumkreis-Fest_2025_07__c-Baumkreis-um-die-Welt-e.V-1024x768.jpeg 1024w, https:\/\/baumkreisumdiewelt.org\/wp-content\/uploads\/2025\/09\/Baumkreis-Fest_2025_07__c-Baumkreis-um-die-Welt-e.V-300x225.jpeg 300w, https:\/\/baumkreisumdiewelt.org\/wp-content\/uploads\/2025\/09\/Baumkreis-Fest_2025_07__c-Baumkreis-um-die-Welt-e.V-768x576.jpeg 768w, https:\/\/baumkreisumdiewelt.org\/wp-content\/uploads\/2025\/09\/Baumkreis-Fest_2025_07__c-Baumkreis-um-die-Welt-e.V-1536x1152.jpeg 1536w, https:\/\/baumkreisumdiewelt.org\/wp-content\/uploads\/2025\/09\/Baumkreis-Fest_2025_07__c-Baumkreis-um-die-Welt-e.V-16x12.jpeg 16w, https:\/\/baumkreisumdiewelt.org\/wp-content\/uploads\/2025\/09\/Baumkreis-Fest_2025_07__c-Baumkreis-um-die-Welt-e.V.jpeg 2048w\" sizes=\"(max-width: 800px) 100vw, 800px\" \/>\t\t\t\t\t\t\t\t\t\t\t\t\t\t\t<\/div>\n\t\t\t\t<\/div>\n\t\t\t\t<div class=\"elementor-element elementor-element-e8ca626 elementor-widget elementor-widget-image\" data-id=\"e8ca626\" data-element_type=\"widget\" data-e-type=\"widget\" data-widget_type=\"image.default\">\n\t\t\t\t<div class=\"elementor-widget-container\">\n\t\t\t\t\t\t\t\t\t\t\t\t\t\t\t<img loading=\"lazy\" decoding=\"async\" width=\"800\" height=\"600\" src=\"https:\/\/baumkreisumdiewelt.org\/wp-content\/uploads\/2025\/09\/Baumkreis-Fest_2025_04__c-Baumkreis-um-die-Welt-e.V-1024x768.jpeg\" class=\"attachment-large size-large wp-image-1167\" alt=\"\" srcset=\"https:\/\/baumkreisumdiewelt.org\/wp-content\/uploads\/2025\/09\/Baumkreis-Fest_2025_04__c-Baumkreis-um-die-Welt-e.V-1024x768.jpeg 1024w, https:\/\/baumkreisumdiewelt.org\/wp-content\/uploads\/2025\/09\/Baumkreis-Fest_2025_04__c-Baumkreis-um-die-Welt-e.V-300x225.jpeg 300w, https:\/\/baumkreisumdiewelt.org\/wp-content\/uploads\/2025\/09\/Baumkreis-Fest_2025_04__c-Baumkreis-um-die-Welt-e.V-768x576.jpeg 768w, https:\/\/baumkreisumdiewelt.org\/wp-content\/uploads\/2025\/09\/Baumkreis-Fest_2025_04__c-Baumkreis-um-die-Welt-e.V-1536x1152.jpeg 1536w, https:\/\/baumkreisumdiewelt.org\/wp-content\/uploads\/2025\/09\/Baumkreis-Fest_2025_04__c-Baumkreis-um-die-Welt-e.V-16x12.jpeg 16w, https:\/\/baumkreisumdiewelt.org\/wp-content\/uploads\/2025\/09\/Baumkreis-Fest_2025_04__c-Baumkreis-um-die-Welt-e.V.jpeg 2048w\" sizes=\"(max-width: 800px) 100vw, 800px\" \/>\t\t\t\t\t\t\t\t\t\t\t\t\t\t\t<\/div>\n\t\t\t\t<\/div>\n\t\t\t\t<div class=\"elementor-element elementor-element-948fba1 elementor-widget elementor-widget-image\" data-id=\"948fba1\" data-element_type=\"widget\" data-e-type=\"widget\" data-widget_type=\"image.default\">\n\t\t\t\t<div class=\"elementor-widget-container\">\n\t\t\t\t\t\t\t\t\t\t\t\t\t\t\t<img loading=\"lazy\" decoding=\"async\" width=\"800\" height=\"600\" src=\"https:\/\/baumkreisumdiewelt.org\/wp-content\/uploads\/2025\/09\/Baumkreis-Fest_2025_05__c-Baumkreis-um-die-Welt-e.V-1024x768.jpeg\" class=\"attachment-large size-large wp-image-1168\" alt=\"\" srcset=\"https:\/\/baumkreisumdiewelt.org\/wp-content\/uploads\/2025\/09\/Baumkreis-Fest_2025_05__c-Baumkreis-um-die-Welt-e.V-1024x768.jpeg 1024w, https:\/\/baumkreisumdiewelt.org\/wp-content\/uploads\/2025\/09\/Baumkreis-Fest_2025_05__c-Baumkreis-um-die-Welt-e.V-300x225.jpeg 300w, https:\/\/baumkreisumdiewelt.org\/wp-content\/uploads\/2025\/09\/Baumkreis-Fest_2025_05__c-Baumkreis-um-die-Welt-e.V-768x576.jpeg 768w, https:\/\/baumkreisumdiewelt.org\/wp-content\/uploads\/2025\/09\/Baumkreis-Fest_2025_05__c-Baumkreis-um-die-Welt-e.V-1536x1152.jpeg 1536w, https:\/\/baumkreisumdiewelt.org\/wp-content\/uploads\/2025\/09\/Baumkreis-Fest_2025_05__c-Baumkreis-um-die-Welt-e.V-16x12.jpeg 16w, https:\/\/baumkreisumdiewelt.org\/wp-content\/uploads\/2025\/09\/Baumkreis-Fest_2025_05__c-Baumkreis-um-die-Welt-e.V.jpeg 2048w\" sizes=\"(max-width: 800px) 100vw, 800px\" \/>\t\t\t\t\t\t\t\t\t\t\t\t\t\t\t<\/div>\n\t\t\t\t<\/div>\n\t\t\t\t<div class=\"elementor-element elementor-element-9785e60 elementor-widget elementor-widget-image\" data-id=\"9785e60\" data-element_type=\"widget\" data-e-type=\"widget\" data-widget_type=\"image.default\">\n\t\t\t\t<div class=\"elementor-widget-container\">\n\t\t\t\t\t\t\t\t\t\t\t\t\t\t\t<img loading=\"lazy\" decoding=\"async\" width=\"800\" height=\"600\" src=\"https:\/\/baumkreisumdiewelt.org\/wp-content\/uploads\/2025\/09\/Baumkreis-Fest_2025_09__c-Baumkreis-um-die-Welt-e.V-1-1024x768.jpeg\" class=\"attachment-large size-large wp-image-1180\" alt=\"\" srcset=\"https:\/\/baumkreisumdiewelt.org\/wp-content\/uploads\/2025\/09\/Baumkreis-Fest_2025_09__c-Baumkreis-um-die-Welt-e.V-1-1024x768.jpeg 1024w, https:\/\/baumkreisumdiewelt.org\/wp-content\/uploads\/2025\/09\/Baumkreis-Fest_2025_09__c-Baumkreis-um-die-Welt-e.V-1-300x225.jpeg 300w, https:\/\/baumkreisumdiewelt.org\/wp-content\/uploads\/2025\/09\/Baumkreis-Fest_2025_09__c-Baumkreis-um-die-Welt-e.V-1-768x576.jpeg 768w, https:\/\/baumkreisumdiewelt.org\/wp-content\/uploads\/2025\/09\/Baumkreis-Fest_2025_09__c-Baumkreis-um-die-Welt-e.V-1-1536x1152.jpeg 1536w, https:\/\/baumkreisumdiewelt.org\/wp-content\/uploads\/2025\/09\/Baumkreis-Fest_2025_09__c-Baumkreis-um-die-Welt-e.V-1-16x12.jpeg 16w, https:\/\/baumkreisumdiewelt.org\/wp-content\/uploads\/2025\/09\/Baumkreis-Fest_2025_09__c-Baumkreis-um-die-Welt-e.V-1.jpeg 2048w\" sizes=\"(max-width: 800px) 100vw, 800px\" \/>\t\t\t\t\t\t\t\t\t\t\t\t\t\t\t<\/div>\n\t\t\t\t<\/div>\n\t\t\t\t<\/div>\n\t\t<div class=\"elementor-element elementor-element-693aee8 e-flex e-con-boxed e-con e-parent\" data-id=\"693aee8\" data-element_type=\"container\" data-e-type=\"container\">\n\t\t\t\t\t<div class=\"e-con-inner\">\n\t\t\t\t<div class=\"elementor-element elementor-element-905a768 elementor-widget elementor-widget-image\" data-id=\"905a768\" data-element_type=\"widget\" data-e-type=\"widget\" data-widget_type=\"image.default\">\n\t\t\t\t<div class=\"elementor-widget-container\">\n\t\t\t\t\t\t\t\t\t\t\t\t\t\t\t<img loading=\"lazy\" decoding=\"async\" width=\"800\" height=\"600\" src=\"https:\/\/baumkreisumdiewelt.org\/wp-content\/uploads\/2025\/09\/Baumkreis_Fest_2025__Combo-1024x768.jpeg\" class=\"attachment-large size-large wp-image-1143\" alt=\"Musikerinnen und Musiker der Baumkreis-um-die-Welt-Combo\" srcset=\"https:\/\/baumkreisumdiewelt.org\/wp-content\/uploads\/2025\/09\/Baumkreis_Fest_2025__Combo-1024x768.jpeg 1024w, https:\/\/baumkreisumdiewelt.org\/wp-content\/uploads\/2025\/09\/Baumkreis_Fest_2025__Combo-300x225.jpeg 300w, https:\/\/baumkreisumdiewelt.org\/wp-content\/uploads\/2025\/09\/Baumkreis_Fest_2025__Combo-768x576.jpeg 768w, https:\/\/baumkreisumdiewelt.org\/wp-content\/uploads\/2025\/09\/Baumkreis_Fest_2025__Combo-1536x1152.jpeg 1536w, https:\/\/baumkreisumdiewelt.org\/wp-content\/uploads\/2025\/09\/Baumkreis_Fest_2025__Combo-16x12.jpeg 16w, https:\/\/baumkreisumdiewelt.org\/wp-content\/uploads\/2025\/09\/Baumkreis_Fest_2025__Combo.jpeg 2048w\" sizes=\"(max-width: 800px) 100vw, 800px\" \/>\t\t\t\t\t\t\t\t\t\t\t\t\t\t\t<\/div>\n\t\t\t\t<\/div>\n\t\t\t\t\t<\/div>\n\t\t\t\t<\/div>\n\t\t\t\t<\/div>","protected":false},"excerpt":{"rendered":"<p>Ein Wochenende voller Musik, Natur und echter Begegnung: Beim Baumkreis-Fest \u201eAuftakt! Musik, B\u00e4ume und Geschichten\u201c auf Burg Bernstein trafen sich Menschen, die B\u00e4ume lieben, Musik sch\u00e4tzen und gemeinsam etwas bewegen wollen. Zwei Tage lang wurde musiziert, gelauscht, gegessen, gesungen, erz\u00e4hlt und verbunden \u2013 mit der Natur und miteinander. Besonders ber\u00fchrend: \u201eDie Gitarre und der Baum\u201c [&hellip;]<\/p>\n","protected":false},"author":2,"featured_media":1143,"comment_status":"open","ping_status":"open","sticky":false,"template":"","format":"standard","meta":{"_acf_changed":false,"footnotes":""},"categories":[10],"tags":[11,14,12,15,13],"class_list":["post-1157","post","type-post","status-publish","format-standard","has-post-thumbnail","hentry","category-blog","tag-auftakt","tag-baumkreisfest","tag-fest","tag-gitarre","tag-trees-of-harmony"],"acf":[],"_links":{"self":[{"href":"https:\/\/baumkreisumdiewelt.org\/en\/wp-json\/wp\/v2\/posts\/1157","targetHints":{"allow":["GET"]}}],"collection":[{"href":"https:\/\/baumkreisumdiewelt.org\/en\/wp-json\/wp\/v2\/posts"}],"about":[{"href":"https:\/\/baumkreisumdiewelt.org\/en\/wp-json\/wp\/v2\/types\/post"}],"author":[{"embeddable":true,"href":"https:\/\/baumkreisumdiewelt.org\/en\/wp-json\/wp\/v2\/users\/2"}],"replies":[{"embeddable":true,"href":"https:\/\/baumkreisumdiewelt.org\/en\/wp-json\/wp\/v2\/comments?post=1157"}],"version-history":[{"count":6,"href":"https:\/\/baumkreisumdiewelt.org\/en\/wp-json\/wp\/v2\/posts\/1157\/revisions"}],"predecessor-version":[{"id":1183,"href":"https:\/\/baumkreisumdiewelt.org\/en\/wp-json\/wp\/v2\/posts\/1157\/revisions\/1183"}],"wp:featuredmedia":[{"embeddable":true,"href":"https:\/\/baumkreisumdiewelt.org\/en\/wp-json\/wp\/v2\/media\/1143"}],"wp:attachment":[{"href":"https:\/\/baumkreisumdiewelt.org\/en\/wp-json\/wp\/v2\/media?parent=1157"}],"wp:term":[{"taxonomy":"category","embeddable":true,"href":"https:\/\/baumkreisumdiewelt.org\/en\/wp-json\/wp\/v2\/categories?post=1157"},{"taxonomy":"post_tag","embeddable":true,"href":"https:\/\/baumkreisumdiewelt.org\/en\/wp-json\/wp\/v2\/tags?post=1157"}],"curies":[{"name":"wp","href":"https:\/\/api.w.org\/{rel}","templated":true}]}}