{"id":1320,"date":"2025-12-08T10:41:17","date_gmt":"2025-12-08T09:41:17","guid":{"rendered":"https:\/\/baumkreisumdiewelt.org\/?p=1320"},"modified":"2025-12-08T10:46:12","modified_gmt":"2025-12-08T09:46:12","slug":"geschichten-aus-dem-klangholzwald","status":"publish","type":"post","link":"https:\/\/baumkreisumdiewelt.org\/en\/geschichten-aus-dem-klangholzwald\/","title":{"rendered":"Stories from the sound wood forest"},"content":{"rendered":"<div data-elementor-type=\"wp-post\" data-elementor-id=\"1320\" class=\"elementor elementor-1320\" data-elementor-post-type=\"post\">\n\t\t\t\t<div class=\"elementor-element elementor-element-734d913 e-flex e-con-boxed e-con e-parent\" data-id=\"734d913\" data-element_type=\"container\" data-e-type=\"container\">\n\t\t\t\t\t<div class=\"e-con-inner\">\n\t\t\t\t<div class=\"elementor-element elementor-element-04df371 elementor-widget elementor-widget-text-editor\" data-id=\"04df371\" data-element_type=\"widget\" data-e-type=\"widget\" data-widget_type=\"text-editor.default\">\n\t\t\t\t<div class=\"elementor-widget-container\">\n\t\t\t\t\t\t\t\t\t<p>At the end of August 2025, tree circle source Tim Martina was able to discover a sound wood forest in Vorarlberg with Andreas and Petra and take away a lot of know-how, experiences and adventures for the tree circle around the world.<\/p><p>How wonderful that we can share in this through his stories.<\/p><h2><strong>300-year-old tree treasures<\/strong><\/h2><p>It was simply WONDERFUL with the lovely forester Petra and forestry director Andreas in the Vorarlberg forest! Sooo nice to feel how Andreas loves \u201ehis\u201c forest and the forest loves him. He works a lot with horses, takes out individual trees and makes sure that as many age groups of trees as possible are represented. There are many \u201etreasures\u201c here that are over 300 years old, as he calls them. The largest contiguous forest suitable for sound wood in the Alps, which Andreas has looked after for 12 years. A dream...<\/p><h2><strong>The guitar from the forest<\/strong><\/h2><p>In the evening, there was a spontaneous guitar concert at the Blockh\u00fcsle with a French picnic. Together with the lovely foresters, Andreas\u2018 son and super nice friends who transport sound wood to northern Germany with their lorry company. <br \/><br \/>I played Andreas\u2018 beautiful guitar, the top of which comes from this forest. He had to cut it down years ago in the middle of summer because its top was infested with beetles. At the time, he personally searched for a musical instrument maker who valued its beautiful wood. He stayed in contact with him and now has this wonderful guitar, which he also sees as a family heirloom.<\/p>\t\t\t\t\t\t\t\t<\/div>\n\t\t\t\t<\/div>\n\t\t\t\t\t<\/div>\n\t\t\t\t<\/div>\n\t\t<div class=\"elementor-element elementor-element-573f23f e-grid e-con-boxed e-con e-parent\" data-id=\"573f23f\" data-element_type=\"container\" data-e-type=\"container\">\n\t\t\t\t\t<div class=\"e-con-inner\">\n\t\t\t\t<div class=\"elementor-element elementor-element-5789b43 elementor-widget elementor-widget-image\" data-id=\"5789b43\" data-element_type=\"widget\" data-e-type=\"widget\" data-widget_type=\"image.default\">\n\t\t\t\t<div class=\"elementor-widget-container\">\n\t\t\t\t\t\t\t\t\t\t\t\t\t\t\t<img decoding=\"async\" src=\"https:\/\/baumkreisumdiewelt.org\/wp-content\/uploads\/elementor\/thumbs\/Baumkreis_Vorarlberg_2025-08__01-rfujv06g1izfzwckq0tv9xmbxd9rq5hr8ubzyvfda8.jpeg\" title=\"Tree_circle_soundwood_forest__01\" alt=\"Baumkreis_Klangholzwald__01\" loading=\"lazy\" \/>\t\t\t\t\t\t\t\t\t\t\t\t\t\t\t<\/div>\n\t\t\t\t<\/div>\n\t\t\t\t<div class=\"elementor-element elementor-element-1cdc30c elementor-widget elementor-widget-image\" data-id=\"1cdc30c\" data-element_type=\"widget\" data-e-type=\"widget\" data-widget_type=\"image.default\">\n\t\t\t\t<div class=\"elementor-widget-container\">\n\t\t\t\t\t\t\t\t\t\t\t\t\t\t\t<img decoding=\"async\" src=\"https:\/\/baumkreisumdiewelt.org\/wp-content\/uploads\/elementor\/thumbs\/Baumkreis_Vorarlberg_2025-08__03-rfujv5th6j75xk4dt39mow73hohz0c459m8wuj708w.jpeg\" title=\"Tree_circle_soundwood_forest__03\" alt=\"Baumkreis_Klangholzwald__03\" loading=\"lazy\" \/>\t\t\t\t\t\t\t\t\t\t\t\t\t\t\t<\/div>\n\t\t\t\t<\/div>\n\t\t\t\t\t<\/div>\n\t\t\t\t<\/div>\n\t\t<div class=\"elementor-element elementor-element-7a6e90c e-grid e-con-boxed e-con e-parent\" data-id=\"7a6e90c\" data-element_type=\"container\" data-e-type=\"container\">\n\t\t\t\t\t<div class=\"e-con-inner\">\n\t\t\t\t<div class=\"elementor-element elementor-element-9d69022 elementor-widget elementor-widget-image\" data-id=\"9d69022\" data-element_type=\"widget\" data-e-type=\"widget\" data-widget_type=\"image.default\">\n\t\t\t\t<div class=\"elementor-widget-container\">\n\t\t\t\t\t\t\t\t\t\t\t\t\t\t\t<img fetchpriority=\"high\" decoding=\"async\" width=\"768\" height=\"1024\" src=\"https:\/\/baumkreisumdiewelt.org\/wp-content\/uploads\/2025\/12\/Baumkreis_Vorarlberg_2025-08__02-768x1024.jpeg\" class=\"attachment-large size-large wp-image-1324\" alt=\"\" srcset=\"https:\/\/baumkreisumdiewelt.org\/wp-content\/uploads\/2025\/12\/Baumkreis_Vorarlberg_2025-08__02-768x1024.jpeg 768w, https:\/\/baumkreisumdiewelt.org\/wp-content\/uploads\/2025\/12\/Baumkreis_Vorarlberg_2025-08__02-225x300.jpeg 225w, https:\/\/baumkreisumdiewelt.org\/wp-content\/uploads\/2025\/12\/Baumkreis_Vorarlberg_2025-08__02-1152x1536.jpeg 1152w, https:\/\/baumkreisumdiewelt.org\/wp-content\/uploads\/2025\/12\/Baumkreis_Vorarlberg_2025-08__02-9x12.jpeg 9w, https:\/\/baumkreisumdiewelt.org\/wp-content\/uploads\/2025\/12\/Baumkreis_Vorarlberg_2025-08__02.jpeg 1200w\" sizes=\"(max-width: 768px) 100vw, 768px\" \/>\t\t\t\t\t\t\t\t\t\t\t\t\t\t\t<\/div>\n\t\t\t\t<\/div>\n\t\t\t\t<div class=\"elementor-element elementor-element-0d23ec1 elementor-widget elementor-widget-image\" data-id=\"0d23ec1\" data-element_type=\"widget\" data-e-type=\"widget\" data-widget_type=\"image.default\">\n\t\t\t\t<div class=\"elementor-widget-container\">\n\t\t\t\t\t\t\t\t\t\t\t\t\t\t\t<img decoding=\"async\" width=\"768\" height=\"1024\" src=\"https:\/\/baumkreisumdiewelt.org\/wp-content\/uploads\/2025\/12\/Baumkreis_Vorarlberg_2025-08__04-768x1024.jpeg\" class=\"attachment-large size-large wp-image-1326\" alt=\"\" srcset=\"https:\/\/baumkreisumdiewelt.org\/wp-content\/uploads\/2025\/12\/Baumkreis_Vorarlberg_2025-08__04-768x1024.jpeg 768w, https:\/\/baumkreisumdiewelt.org\/wp-content\/uploads\/2025\/12\/Baumkreis_Vorarlberg_2025-08__04-225x300.jpeg 225w, https:\/\/baumkreisumdiewelt.org\/wp-content\/uploads\/2025\/12\/Baumkreis_Vorarlberg_2025-08__04-1152x1536.jpeg 1152w, https:\/\/baumkreisumdiewelt.org\/wp-content\/uploads\/2025\/12\/Baumkreis_Vorarlberg_2025-08__04-9x12.jpeg 9w, https:\/\/baumkreisumdiewelt.org\/wp-content\/uploads\/2025\/12\/Baumkreis_Vorarlberg_2025-08__04.jpeg 1200w\" sizes=\"(max-width: 768px) 100vw, 768px\" \/>\t\t\t\t\t\t\t\t\t\t\t\t\t\t\t<\/div>\n\t\t\t\t<\/div>\n\t\t\t\t\t<\/div>\n\t\t\t\t<\/div>\n\t\t\t\t<\/div>","protected":false},"excerpt":{"rendered":"<p>Ende August 2025 durfte Baumkreis-Quelle Tim Martina mit Andreas und Petra einen Klangholzwald in Vorarlberg entdecken und viel Know-How, Erfahrungen und Erlebnisse f\u00fcr den Baumkreis um die Welt daraus mitnehmen. Wie sch\u00f6n, dass wir durch seine Geschichten daran teilhaben d\u00fcrfen. 300 Jahre alte Baumsch\u00e4tze Es war einfach\u00a0 WUNDERVOLL mit der lieben F\u00f6rsterin Petra und Landesforstdirektor [&hellip;]<\/p>\n","protected":false},"author":2,"featured_media":1322,"comment_status":"open","ping_status":"open","sticky":false,"template":"","format":"standard","meta":{"_acf_changed":false,"footnotes":""},"categories":[10],"tags":[24,13,25],"class_list":["post-1320","post","type-post","status-publish","format-standard","has-post-thumbnail","hentry","category-blog","tag-klangholz","tag-trees-of-harmony","tag-waldgeschichten"],"acf":[],"_links":{"self":[{"href":"https:\/\/baumkreisumdiewelt.org\/en\/wp-json\/wp\/v2\/posts\/1320","targetHints":{"allow":["GET"]}}],"collection":[{"href":"https:\/\/baumkreisumdiewelt.org\/en\/wp-json\/wp\/v2\/posts"}],"about":[{"href":"https:\/\/baumkreisumdiewelt.org\/en\/wp-json\/wp\/v2\/types\/post"}],"author":[{"embeddable":true,"href":"https:\/\/baumkreisumdiewelt.org\/en\/wp-json\/wp\/v2\/users\/2"}],"replies":[{"embeddable":true,"href":"https:\/\/baumkreisumdiewelt.org\/en\/wp-json\/wp\/v2\/comments?post=1320"}],"version-history":[{"count":4,"href":"https:\/\/baumkreisumdiewelt.org\/en\/wp-json\/wp\/v2\/posts\/1320\/revisions"}],"predecessor-version":[{"id":1332,"href":"https:\/\/baumkreisumdiewelt.org\/en\/wp-json\/wp\/v2\/posts\/1320\/revisions\/1332"}],"wp:featuredmedia":[{"embeddable":true,"href":"https:\/\/baumkreisumdiewelt.org\/en\/wp-json\/wp\/v2\/media\/1322"}],"wp:attachment":[{"href":"https:\/\/baumkreisumdiewelt.org\/en\/wp-json\/wp\/v2\/media?parent=1320"}],"wp:term":[{"taxonomy":"category","embeddable":true,"href":"https:\/\/baumkreisumdiewelt.org\/en\/wp-json\/wp\/v2\/categories?post=1320"},{"taxonomy":"post_tag","embeddable":true,"href":"https:\/\/baumkreisumdiewelt.org\/en\/wp-json\/wp\/v2\/tags?post=1320"}],"curies":[{"name":"wp","href":"https:\/\/api.w.org\/{rel}","templated":true}]}}