{"id":1028,"date":"2025-04-29T10:30:27","date_gmt":"2025-04-29T08:30:27","guid":{"rendered":"https:\/\/baumkreisumdiewelt.org\/?p=1028"},"modified":"2025-08-19T17:05:15","modified_gmt":"2025-08-19T15:05:15","slug":"auftakt-musik-baeume-und-geschichten","status":"publish","type":"post","link":"https:\/\/baumkreisumdiewelt.org\/es\/auftakt-musik-baeume-und-geschichten\/","title":{"rendered":"\u00a1AUFTAKT! M\u00fasica, \u00e1rboles e historias"},"content":{"rendered":"<div data-elementor-type=\"wp-post\" data-elementor-id=\"1028\" class=\"elementor elementor-1028\" data-elementor-post-type=\"post\">\n\t\t\t\t<div class=\"elementor-element elementor-element-74f10c1 e-flex e-con-boxed e-con e-parent\" data-id=\"74f10c1\" data-element_type=\"container\" data-e-type=\"container\">\n\t\t\t\t\t<div class=\"e-con-inner\">\n\t\t<div class=\"elementor-element elementor-element-7b52cc8 e-con-full e-flex e-con e-child\" data-id=\"7b52cc8\" data-element_type=\"container\" data-e-type=\"container\" data-settings=\"{&quot;background_background&quot;:&quot;classic&quot;}\">\n\t\t\t\t<div class=\"elementor-element elementor-element-a626096 elementor-widget elementor-widget-theme-post-title elementor-page-title elementor-widget-heading\" data-id=\"a626096\" data-element_type=\"widget\" data-e-type=\"widget\" data-widget_type=\"theme-post-title.default\">\n\t\t\t\t<div class=\"elementor-widget-container\">\n\t\t\t\t\t<h1 class=\"elementor-heading-title elementor-size-default\">\u00a1AUFTAKT! M\u00fasica, \u00e1rboles e historias<\/h1>\t\t\t\t<\/div>\n\t\t\t\t<\/div>\n\t\t\t\t<div class=\"elementor-element elementor-element-ed926ec elementor-widget elementor-widget-heading\" data-id=\"ed926ec\" data-element_type=\"widget\" data-e-type=\"widget\" data-widget_type=\"heading.default\">\n\t\t\t\t<div class=\"elementor-widget-container\">\n\t\t\t\t\t<h2 class=\"elementor-heading-title elementor-size-default\">24 y 25 de mayo Burg Bernstein<\/h2>\t\t\t\t<\/div>\n\t\t\t\t<\/div>\n\t\t\t\t<div class=\"elementor-element elementor-element-1d84f1c elementor-widget elementor-widget-image\" data-id=\"1d84f1c\" data-element_type=\"widget\" data-e-type=\"widget\" data-widget_type=\"image.default\">\n\t\t\t\t<div class=\"elementor-widget-container\">\n\t\t\t\t\t\t\t\t\t\t\t\t<figure class=\"wp-caption\">\n\t\t\t\t\t\t\t\t\t\t<img fetchpriority=\"high\" decoding=\"async\" width=\"1386\" height=\"925\" src=\"https:\/\/baumkreisumdiewelt.org\/wp-content\/uploads\/2025\/04\/Bild1.jpg\" class=\"attachment-full size-full wp-image-1032\" alt=\"\" srcset=\"https:\/\/baumkreisumdiewelt.org\/wp-content\/uploads\/2025\/04\/Bild1.jpg 1386w, https:\/\/baumkreisumdiewelt.org\/wp-content\/uploads\/2025\/04\/Bild1-300x200.jpg 300w, https:\/\/baumkreisumdiewelt.org\/wp-content\/uploads\/2025\/04\/Bild1-1024x683.jpg 1024w, https:\/\/baumkreisumdiewelt.org\/wp-content\/uploads\/2025\/04\/Bild1-768x513.jpg 768w\" sizes=\"(max-width: 1386px) 100vw, 1386px\" \/>\t\t\t\t\t\t\t\t\t\t\t<figcaption class=\"widget-image-caption wp-caption-text\">Paul Szimak<\/figcaption>\n\t\t\t\t\t\t\t\t\t\t<\/figure>\n\t\t\t\t\t\t\t\t\t<\/div>\n\t\t\t\t<\/div>\n\t\t\t\t<div class=\"elementor-element elementor-element-469f66f elementor-widget elementor-widget-text-editor\" data-id=\"469f66f\" data-element_type=\"widget\" data-e-type=\"widget\" data-widget_type=\"text-editor.default\">\n\t\t\t\t<div class=\"elementor-widget-container\">\n\t\t\t\t\t\t\t\t\t<h2><strong>Programa 24 de mayo<\/strong><\/h2>\n<p>Tim Martina Sch\u00e4ffer (guitarra, ukelele)<br \/>Johanna Alm\u00e1sy (Bi\u00f3loga)<br \/>Sonia Hern\u00e1ndez (guitarra)<br \/>Nikolai New (Violonchelo)<br \/>Edmund Bl\u00f6chinger (guitarrero)<br \/>Herwig Ferch (arquitecto ecol\u00f3gico)<br \/>Johannes Ausserladscheiter (experto forestal)<br \/>Alfred Strigl (Director del Instituto Austriaco para la Sostenibilidad)<br \/>Jean de Dieu Tagne (te\u00f3logo y empresario)<br \/>Regina Katerndahl (Baumkreis um die Welt e.V.)<\/p>\n<p>Este festival es el preludio de un toma y daca entre los instrumentos musicales y los \u00e1rboles. Guitarras, violines, violonchelos y muchos otros instrumentos musicales se fabrican con maderas muy diversas. Nosotros las tomamos de la naturaleza. Recaudamos dinero para devolver algo a la naturaleza, para promover nuevas generaciones, para replantar \u00e1rboles.<\/p>\n<p><strong>Cada elemento del programa puede reservarse individualmente. Debido al aforo limitado, inscr\u00edbase en <a href=\"mailto:urlaub@burgbernstein.at\" target=\"_blank\" rel=\"noopener\"><span style=\"text-decoration: underline;\"><span style=\"color: #008000; text-decoration: underline;\">urlaub@burgbernstein.at<\/span><\/span><\/a><\/strong><\/p>\n<p><img decoding=\"async\" class=\"\" src=\"https:\/\/baumkreisumdiewelt.org\/wp-content\/uploads\/2025\/08\/Logo_Land_BGLD_Kulturland_klein-300x141.jpg\" width=\"156\" height=\"73\" \/><\/p>\n<h3><strong><span style=\"color: #2a973e;\">14:00 Llegada y facturaci\u00f3n<\/span><\/strong><\/h3>\n<h3><span style=\"color: #2a973e;\"><strong>15:00-16:00 Visita biol\u00f3gica del castillo con Johanna Alm\u00e1sy<\/strong><\/span><\/h3>\n<p>En caso de mal tiempo: conferencia en la sala de la chimenea, precio por persona 15,- Euro<\/p>\n<h3><span style=\"color: #2a973e;\"><strong>17:00-19:00 \"La guitarra y el \u00e1rbol\" - historias de instrumentos y \u00e1rboles<\/strong><\/span><\/h3>\n<p>En este concierto-debate, Tim Martina Sch\u00e4ffer y otros m\u00fasicos presentan sus instrumentos. \u00bfQui\u00e9n los ha fabricado? \u00bfDe d\u00f3nde procede la madera? \u00bfY qu\u00e9 podemos hacer por los \u00e1rboles a los que debemos el sonido?<\/p>\n<p>M\u00fasica antigua, melod\u00edas tradicionales y composiciones propias armonizan bosques y corazones. Precio por persona 20.- Euro (y donaciones gratuitas para el proyecto, \u00a1de las que nos alegrar\u00edamos mucho!)<\/p>\n<h3><span style=\"color: #2a973e;\"><strong>CENA 19.30 H<\/strong><\/span><\/h3>\n<p><strong>82.- Euro (excl. bebidas)<\/strong><\/p>\n<p>1er plato: Envoltura de ensalada con esp\u00e1rragos y hierbas silvestres<\/p>\n<p>2\u00ba plato: Sopa de crema de hierbas silvestres con alb\u00f3ndigas de pan rallado<\/p>\n<p>3er plato: Ternera ecol\u00f3gica estofada con patata y roulade de hierbas silvestres y verduras ecol\u00f3gicas O esp\u00e1rragos veganos, pan de garbanzos, patata y roulade de hierbas silvestres<\/p>\n<p>4\u00ba plato: Strudel de reques\u00f3n y ruibarbo con parfait de Wipferl<\/p>\n<p><strong>Cada elemento del programa puede reservarse individualmente. Debido al aforo limitado, inscr\u00edbase en <a href=\"mailto:urlaub@burgbernstein.at\" target=\"_blank\" rel=\"noopener\"><span style=\"text-decoration: underline;\"><span style=\"color: #008000; text-decoration: underline;\">urlaub@burgbernstein.at<\/span><\/span><\/a><\/strong><\/p>\t\t\t\t\t\t\t\t<\/div>\n\t\t\t\t<\/div>\n\t\t\t\t<div class=\"elementor-element elementor-element-939b53b elementor-widget elementor-widget-image\" data-id=\"939b53b\" data-element_type=\"widget\" data-e-type=\"widget\" data-widget_type=\"image.default\">\n\t\t\t\t<div class=\"elementor-widget-container\">\n\t\t\t\t\t\t\t\t\t\t\t\t<figure class=\"wp-caption\">\n\t\t\t\t\t\t\t\t\t\t<img decoding=\"async\" width=\"1386\" height=\"935\" src=\"https:\/\/baumkreisumdiewelt.org\/wp-content\/uploads\/2025\/04\/Bild2.jpg\" class=\"attachment-full size-full wp-image-1031\" alt=\"\" srcset=\"https:\/\/baumkreisumdiewelt.org\/wp-content\/uploads\/2025\/04\/Bild2.jpg 1386w, https:\/\/baumkreisumdiewelt.org\/wp-content\/uploads\/2025\/04\/Bild2-300x202.jpg 300w, https:\/\/baumkreisumdiewelt.org\/wp-content\/uploads\/2025\/04\/Bild2-1024x691.jpg 1024w, https:\/\/baumkreisumdiewelt.org\/wp-content\/uploads\/2025\/04\/Bild2-768x518.jpg 768w\" sizes=\"(max-width: 1386px) 100vw, 1386px\" \/>\t\t\t\t\t\t\t\t\t\t\t<figcaption class=\"widget-image-caption wp-caption-text\">Hilleken Zeineddine<\/figcaption>\n\t\t\t\t\t\t\t\t\t\t<\/figure>\n\t\t\t\t\t\t\t\t\t<\/div>\n\t\t\t\t<\/div>\n\t\t\t\t<div class=\"elementor-element elementor-element-78f7311 elementor-widget elementor-widget-text-editor\" data-id=\"78f7311\" data-element_type=\"widget\" data-e-type=\"widget\" data-widget_type=\"text-editor.default\">\n\t\t\t\t<div class=\"elementor-widget-container\">\n\t\t\t\t\t\t\t\t\t<h2><strong>Programa 25 de mayo<\/strong><\/h2>\n<p>Tim Martina Sch\u00e4ffer (m\u00fasico) <br \/>Johanna Alm\u00e1sy (Bi\u00f3loga)<br \/>Konrad Huber (voz)<br \/>Birgit Streicher (piano) <br \/>artina M\u00f6bius (Ge(h)sang) <br \/>Regina Katerndahl (cuentos de hadas) <br \/>Friedrich Schnalzer (Instrumentos musicales de todo el mundo) <br \/>Brigitte Tiefenthaler (Dejar ir y nuevos comienzos)<\/p>\n<p><b>Cada elemento del programa puede reservarse individualmente. Debido al aforo limitado, inscr\u00edbase en <a href=\"mailto:urlaub@burgbernstein.at\" target=\"_blank\" rel=\"noopener\"><span style=\"text-decoration: underline;\"><span style=\"color: #008000; text-decoration: underline;\">urlaub@burgbernstein.at<\/span><\/span><\/a><\/b><\/p>\n<h3><strong><span style=\"color: #2a973e;\"><img loading=\"lazy\" decoding=\"async\" class=\"alignnone  wp-image-1128\" src=\"https:\/\/baumkreisumdiewelt.org\/wp-content\/uploads\/2025\/08\/Logo_Land_BGLD_Kulturland_klein-300x141.jpg\" alt=\"\" width=\"158\" height=\"74\" srcset=\"https:\/\/baumkreisumdiewelt.org\/wp-content\/uploads\/2025\/08\/Logo_Land_BGLD_Kulturland_klein-300x141.jpg 300w, https:\/\/baumkreisumdiewelt.org\/wp-content\/uploads\/2025\/08\/Logo_Land_BGLD_Kulturland_klein-768x360.jpg 768w, https:\/\/baumkreisumdiewelt.org\/wp-content\/uploads\/2025\/08\/Logo_Land_BGLD_Kulturland_klein-18x8.jpg 18w, https:\/\/baumkreisumdiewelt.org\/wp-content\/uploads\/2025\/08\/Logo_Land_BGLD_Kulturland_klein.jpg 821w\" sizes=\"(max-width: 158px) 100vw, 158px\" \/><\/span><\/strong><\/h3>\n<h3><strong><span style=\"color: #2a973e;\">08:00-10:00 Desayuno en el Rittersaal<\/span><\/strong><\/h3>\n<p>Un desayuno rico y preparado con cari\u00f1o, bebidas, huevos, etc. | Precio: 29.- Euro<\/p>\n<h3><strong><span style=\"color: #2a973e;\">10:30-12:30 Recorrido de los cuentos de hadas<\/span> <\/strong><\/h3>\n<p>En el bosque cuando hace sol, en el castillo cuando llueve - visita guiada por el bosque o el castillo con varias estaciones:<\/p>\n<p>\u00a1Canta, escucha, siente, marav\u00edllate y escucha un cuento de hadas!<\/p>\n<p>Precio: Adultos 10,- Euro; Ni\u00f1os 5,- Euro<\/p>\n<h3><strong><span style=\"color: #2a973e;\">13:00-15:00 Picnic <\/span><\/strong><\/h3>\n<p>en el patio del castillo - en la Sala de los Caballeros en caso de mal tiempo<\/p>\n<p>El pan fresco, las cremas saladas para untar y los dulces completan nuestra reuni\u00f3n.<\/p>\n<p>Premio: Donaci\u00f3n gratuita para Baumkreis um die Welt e.V.<\/p>\n<p><strong>Cada elemento del programa puede reservarse individualmente. Debido al aforo limitado, inscr\u00edbase en <a href=\"mailto:urlaub@burgbernstein.at\" target=\"_blank\" rel=\"noopener\"><span style=\"text-decoration: underline;\"><span style=\"color: #008000; text-decoration: underline;\">urlaub@burgbernstein.at<\/span><\/span><\/a><\/strong><\/p>\t\t\t\t\t\t\t\t<\/div>\n\t\t\t\t<\/div>\n\t\t\t\t<div class=\"elementor-element elementor-element-d6e4973 elementor-widget elementor-widget-text-editor\" data-id=\"d6e4973\" data-element_type=\"widget\" data-e-type=\"widget\" data-widget_type=\"text-editor.default\">\n\t\t\t\t<div class=\"elementor-widget-container\">\n\t\t\t\t\t\t\t\t\t<p>Estaremos encantados de recibir su visita.<\/p><p>Tim Martina Sch\u00e4ffer y todos los colaboradores<\/p><p><a href=\"https:\/\/konzertgitarre.at\" target=\"_blank\" rel=\"noopener\">www.konzertgitarre.at<\/a><br \/><a href=\"https:\/\/baumkreisumdiewelt.org\/es\/\">www.baumkreisumdiewelt.org<\/a><\/p><p><br \/>Burg Bernstein - Tiempo de vacaciones en Burgenland<br \/><a href=\"mailto:urlaub@burgbernstein.at\">urlaub@burgbernstein.at<\/a><br \/>+43 3354 6382<br \/>Schlossweg 1<br \/>7434 \u00c1mbar<\/p>\t\t\t\t\t\t\t\t<\/div>\n\t\t\t\t<\/div>\n\t\t\t\t<\/div>\n\t\t\t\t\t<\/div>\n\t\t\t\t<\/div>\n\t\t\t\t<\/div>","protected":false},"excerpt":{"rendered":"<p>24 y 25 de mayo | Este festival es el preludio de un toma y daca entre instrumentos musicales y \u00e1rboles. <\/p>","protected":false},"author":1,"featured_media":1032,"comment_status":"open","ping_status":"open","sticky":false,"template":"elementor_header_footer","format":"standard","meta":{"_acf_changed":false,"footnotes":""},"categories":[10],"tags":[],"class_list":["post-1028","post","type-post","status-publish","format-standard","has-post-thumbnail","hentry","category-blog"],"acf":[],"_links":{"self":[{"href":"https:\/\/baumkreisumdiewelt.org\/es\/wp-json\/wp\/v2\/posts\/1028","targetHints":{"allow":["GET"]}}],"collection":[{"href":"https:\/\/baumkreisumdiewelt.org\/es\/wp-json\/wp\/v2\/posts"}],"about":[{"href":"https:\/\/baumkreisumdiewelt.org\/es\/wp-json\/wp\/v2\/types\/post"}],"author":[{"embeddable":true,"href":"https:\/\/baumkreisumdiewelt.org\/es\/wp-json\/wp\/v2\/users\/1"}],"replies":[{"embeddable":true,"href":"https:\/\/baumkreisumdiewelt.org\/es\/wp-json\/wp\/v2\/comments?post=1028"}],"version-history":[{"count":9,"href":"https:\/\/baumkreisumdiewelt.org\/es\/wp-json\/wp\/v2\/posts\/1028\/revisions"}],"predecessor-version":[{"id":1131,"href":"https:\/\/baumkreisumdiewelt.org\/es\/wp-json\/wp\/v2\/posts\/1028\/revisions\/1131"}],"wp:featuredmedia":[{"embeddable":true,"href":"https:\/\/baumkreisumdiewelt.org\/es\/wp-json\/wp\/v2\/media\/1032"}],"wp:attachment":[{"href":"https:\/\/baumkreisumdiewelt.org\/es\/wp-json\/wp\/v2\/media?parent=1028"}],"wp:term":[{"taxonomy":"category","embeddable":true,"href":"https:\/\/baumkreisumdiewelt.org\/es\/wp-json\/wp\/v2\/categories?post=1028"},{"taxonomy":"post_tag","embeddable":true,"href":"https:\/\/baumkreisumdiewelt.org\/es\/wp-json\/wp\/v2\/tags?post=1028"}],"curies":[{"name":"wp","href":"https:\/\/api.w.org\/{rel}","templated":true}]}}