{"id":1071,"date":"2025-05-26T12:11:36","date_gmt":"2025-05-26T10:11:36","guid":{"rendered":"https:\/\/baumkreisumdiewelt.org\/?p=1071"},"modified":"2025-05-20T15:42:51","modified_gmt":"2025-05-20T13:42:51","slug":"neue-baeume-im-schneebergland-ein-schritt-in-die-zukunft","status":"publish","type":"post","link":"https:\/\/baumkreisumdiewelt.org\/es\/neue-baeume-im-schneebergland-ein-schritt-in-die-zukunft\/","title":{"rendered":"Nuevos \u00e1rboles en Schneebergland: un paso hacia el futuro"},"content":{"rendered":"<div data-elementor-type=\"wp-post\" data-elementor-id=\"1071\" class=\"elementor elementor-1071\" data-elementor-post-type=\"post\">\n\t\t\t\t<div class=\"elementor-element elementor-element-734d913 e-flex e-con-boxed e-con e-parent\" data-id=\"734d913\" data-element_type=\"container\" data-e-type=\"container\">\n\t\t\t\t\t<div class=\"e-con-inner\">\n\t\t\t\t<div class=\"elementor-element elementor-element-04df371 elementor-widget elementor-widget-text-editor\" data-id=\"04df371\" data-element_type=\"widget\" data-e-type=\"widget\" data-widget_type=\"text-editor.default\">\n\t\t\t\t<div class=\"elementor-widget-container\">\n\t\t\t\t\t\t\t\t\t<p>En oto\u00f1o de 2023 iniciamos un peque\u00f1o pero importante proyecto en Schneebergland: Plantamos siete \u00e1rboles frutales j\u00f3venes en media hect\u00e1rea de pradera adyacente a un bosque de monta\u00f1a. Estos arbolitos no son solo una contribuci\u00f3n a la biodiversidad, sino tambi\u00e9n un s\u00edmbolo de un paisaje cultural sostenible y preparado para el futuro.<\/p><h2>\ud83c\udf4f Las praderas de los huertos, un bien cultural vivo<\/h2><p>Los huertos son algo m\u00e1s que simples frutales. Son biotopos ricos en especies que albergan numerosas especies animales y vegetales. En Austria, los huertos se incluyeron en la lista nacional de patrimonio cultural inmaterial en 2023. Este galard\u00f3n reconoce los conocimientos y tradiciones centenarios en torno al cultivo y cuidado de los \u00e1rboles frutales.<\/p><p>El cuidado y el cultivo de los \u00e1rboles frutales, la recolecci\u00f3n, el almacenamiento y la transformaci\u00f3n de la fruta son el centro de la horticultura. Las t\u00e9cnicas y herramientas artesanales tradicionales para la poda, el injerto y la transformaci\u00f3n son parte integrante de la pr\u00e1ctica. Todas estas t\u00e9cnicas no desempe\u00f1ar\u00e1n ning\u00fan papel para nosotros por el momento, nos ocuparemos del buen desarrollo de los \u00e1rboles mediante \"podas educativas\" regulares<\/p><h2>\ud83c\udf31 Un a\u00f1o despu\u00e9s: los arbolitos prosperan<\/h2><p>Ahora, en su segunda primavera, muestran signos progresivos de crecimiento. Los arbolitos han sobrevivido bien al invierno y empiezan a desplegar sus primeras hojas. Es un peque\u00f1o milagro que nos muestra c\u00f3mo una tierna plantita puede convertirse en un \u00e1rbol fuerte.<\/p><p>So\u00f1amos con volver a este hermoso lugar dentro de unos a\u00f1os para la vendimia y saborear juntos el primer zumo.<\/p><p>Pero no s\u00f3lo esperamos los primeros frutos, sino tambi\u00e9n los nuevos h\u00e1bitats que se est\u00e1n creando aqu\u00ed. P\u00e1jaros, insectos y otros animales encontrar\u00e1n aqu\u00ed alimento y refugio. Esto convierte nuestro huerto en una parte viva del ecosistema.<\/p><h2>\ud83c\udf0d C\u00edrculo de \u00e1rboles - Juntos por un futuro m\u00e1s verde<\/h2><p>Como c\u00edrculo de \u00e1rboles, estamos comprometidos con la conservaci\u00f3n y promoci\u00f3n de los bosques y los \u00e1rboles. Con proyectos como \u00e9ste queremos concienciar sobre la importancia de los \u00e1rboles y la agricultura sostenible. Cada \u00e1rbol plantado es un paso hacia un futuro m\u00e1s verde y habitable.<\/p>\t\t\t\t\t\t\t\t<\/div>\n\t\t\t\t<\/div>\n\t\t\t\t<div class=\"elementor-element elementor-element-400660c elementor-widget elementor-widget-video\" data-id=\"400660c\" data-element_type=\"widget\" data-e-type=\"widget\" data-settings=\"{&quot;video_type&quot;:&quot;hosted&quot;,&quot;controls&quot;:&quot;yes&quot;}\" data-widget_type=\"video.default\">\n\t\t\t\t<div class=\"elementor-widget-container\">\n\t\t\t\t\t\t\t<div class=\"e-hosted-video elementor-wrapper elementor-open-inline\">\n\t\t\t\t\t<video class=\"elementor-video\" src=\"https:\/\/baumkreisumdiewelt.org\/wp-content\/uploads\/2025\/05\/2023_Streuobstwiese.mp4\" controls=\"\" preload=\"metadata\" controlslist=\"nodownload\"><\/video>\n\t\t\t\t<\/div>\n\t\t\t\t\t\t<\/div>\n\t\t\t\t<\/div>\n\t\t\t\t\t<\/div>\n\t\t\t\t<\/div>\n\t\t\t\t<\/div>","protected":false},"excerpt":{"rendered":"<p>Im Herbst 2023 haben wir im Schneebergland ein kleines, aber bedeutendes Projekt gestartet: Auf einem halben Hektar Wiese, angrenzend an einen Bergwald, pflanzten wir sieben junge Obstb\u00e4ume. Diese B\u00e4umchen sind nicht nur ein Beitrag zur Biodiversit\u00e4t, sondern auch ein Symbol f\u00fcr eine nachhaltige und zukunftsf\u00e4hige Kulturlandschaft.\u200b \ud83c\udf4f Streuobstwiesen \u2013 Ein lebendiges Kulturgut Streuobstwiesen sind mehr [&hellip;]<\/p>\n","protected":false},"author":1,"featured_media":731,"comment_status":"open","ping_status":"open","sticky":false,"template":"","format":"standard","meta":{"_acf_changed":false,"footnotes":""},"categories":[10],"tags":[],"class_list":["post-1071","post","type-post","status-publish","format-standard","has-post-thumbnail","hentry","category-blog"],"acf":[],"_links":{"self":[{"href":"https:\/\/baumkreisumdiewelt.org\/es\/wp-json\/wp\/v2\/posts\/1071","targetHints":{"allow":["GET"]}}],"collection":[{"href":"https:\/\/baumkreisumdiewelt.org\/es\/wp-json\/wp\/v2\/posts"}],"about":[{"href":"https:\/\/baumkreisumdiewelt.org\/es\/wp-json\/wp\/v2\/types\/post"}],"author":[{"embeddable":true,"href":"https:\/\/baumkreisumdiewelt.org\/es\/wp-json\/wp\/v2\/users\/1"}],"replies":[{"embeddable":true,"href":"https:\/\/baumkreisumdiewelt.org\/es\/wp-json\/wp\/v2\/comments?post=1071"}],"version-history":[{"count":4,"href":"https:\/\/baumkreisumdiewelt.org\/es\/wp-json\/wp\/v2\/posts\/1071\/revisions"}],"predecessor-version":[{"id":1082,"href":"https:\/\/baumkreisumdiewelt.org\/es\/wp-json\/wp\/v2\/posts\/1071\/revisions\/1082"}],"wp:featuredmedia":[{"embeddable":true,"href":"https:\/\/baumkreisumdiewelt.org\/es\/wp-json\/wp\/v2\/media\/731"}],"wp:attachment":[{"href":"https:\/\/baumkreisumdiewelt.org\/es\/wp-json\/wp\/v2\/media?parent=1071"}],"wp:term":[{"taxonomy":"category","embeddable":true,"href":"https:\/\/baumkreisumdiewelt.org\/es\/wp-json\/wp\/v2\/categories?post=1071"},{"taxonomy":"post_tag","embeddable":true,"href":"https:\/\/baumkreisumdiewelt.org\/es\/wp-json\/wp\/v2\/tags?post=1071"}],"curies":[{"name":"wp","href":"https:\/\/api.w.org\/{rel}","templated":true}]}}