{"id":1156,"date":"2025-09-23T17:13:55","date_gmt":"2025-09-23T15:13:55","guid":{"rendered":"https:\/\/baumkreisumdiewelt.org\/?p=1156"},"modified":"2025-09-23T17:13:55","modified_gmt":"2025-09-23T15:13:55","slug":"esterhazy-kids-aktionstag-fuer-eine-bessere-welt","status":"publish","type":"post","link":"https:\/\/baumkreisumdiewelt.org\/es\/esterhazy-kids-aktionstag-fuer-eine-bessere-welt\/","title":{"rendered":"D\u00eda de Acci\u00f3n Infantil de Esterhazy: Por un mundo mejor"},"content":{"rendered":"<div data-elementor-type=\"wp-post\" data-elementor-id=\"1156\" class=\"elementor elementor-1156\" data-elementor-post-type=\"post\">\n\t\t\t\t<div class=\"elementor-element elementor-element-734d913 e-flex e-con-boxed e-con e-parent\" data-id=\"734d913\" data-element_type=\"container\" data-e-type=\"container\">\n\t\t\t\t\t<div class=\"e-con-inner\">\n\t\t\t\t<div class=\"elementor-element elementor-element-04df371 elementor-widget elementor-widget-text-editor\" data-id=\"04df371\" data-element_type=\"widget\" data-e-type=\"widget\" data-widget_type=\"text-editor.default\">\n\t\t\t\t<div class=\"elementor-widget-container\">\n\t\t\t\t\t\t\t\t\t<p>6 de mayo de 2025, 7:30 am, lluvia torrencial. Nosotros, Tim y Brigitte, nos dirigimos al D\u00eda de Acci\u00f3n de los ODS (ODS: Objetivos de Desarrollo Sostenible) en Schloss Lackenbach, donde queremos ense\u00f1ar a los escolares de Burgenland lo importantes que son los \u00e1rboles para el clima en nombre del \"C\u00edrculo de \u00e1rboles alrededor del mundo\". El acto tendr\u00e1 lugar al aire libre...<\/p><h2>\u00bfLluvia = mal tiempo?<\/h2><p>Nos lo pensamos: \u00bfQu\u00e9 vamos a hacer con nuestra contribuci\u00f3n prevista con este mal tiempo? Pero, \u00bfes realmente malo? \u00bfDespu\u00e9s de tantos meses sin llover? Desde luego, los \u00e1rboles se alegran de la lluvia a su manera... Ya tenemos una nueva entrada en nuestro programa. La lluvia ayuda puntualmente y hace una pausa mientras colgamos diversos objetos en los \u00e1rboles del arboreto, todos regalos de los \u00e1rboles, con algunas excepciones. Los ni\u00f1os tienen que reconocerlos en un rally de rompecabezas.<\/p><h2>Experimente los \u00e1rboles con todos los sentidos<\/h2><p>Entonces empezamos... \"\u00bfQu\u00e9 os parece el tiempo que hace hoy?\", preguntamos, y los ni\u00f1os enseguida se dan cuenta de lo buena que es la lluvia para los \u00e1rboles y muchos seres vivos. Les contamos algunos datos b\u00e1sicos sobre los ciclos del CO2 y el agua y el papel que desempe\u00f1an en ellos los \u00e1rboles y otras plantas, pero no s\u00f3lo queremos alimentar la mente de los ni\u00f1os, sino apelar a todos sus sentidos: \u00bfQu\u00e9 experimentan cuando cierran los ojos y dejan que otra persona les gu\u00ede con confianza por el parque? \u00bfA qu\u00e9 saben las delicadas copas verdes de mayo del poderoso abeto Douglas? \u00bfY ya has acariciado las aterciopeladas hojas del roble persa?<\/p><p>Al final, cantamos \"Todo viene del \u00e1rbol\" y regalamos a los ni\u00f1os y a sus profesores semillas de hierbas silvestres para sus lechos escolares. \u00a1Que las semillas de este d\u00eda florezcan!<\/p><p>\u00a0<\/p><h2><strong>\u00bfQu\u00e9 es el D\u00eda de Acci\u00f3n de los ODS?<\/strong><\/h2><p>En el marco del d\u00eda de acci\u00f3n \"Por un mundo mejor\", Esterhazy y 21 organizaciones asociadas ofrecieron a unos 500 participantes la oportunidad de comprometerse activamente con los 17 Objetivos de Desarrollo Sostenible (ODS) el 6 de mayo de 2025 en los terrenos del castillo de Lackenbach. Al mismo tiempo, los j\u00f3venes presentaron los proyectos que ellos mismos hab\u00edan desarrollado.<\/p><p>Para m\u00e1s informaci\u00f3n:<\/p><p><a href=\"https:\/\/esterhazy.at\/presse\/esterhazy-kids-aktionstag-f%C3%BCr-eine-bessere-welt\" target=\"_blank\" rel=\"noopener\">esterhazy.at<\/a><\/p><p>\u00a0<\/p><p>Fotos: Andras Hafenscher<\/p>\t\t\t\t\t\t\t\t<\/div>\n\t\t\t\t<\/div>\n\t\t\t\t<div class=\"elementor-element elementor-element-5895a3a elementor-widget elementor-widget-image\" data-id=\"5895a3a\" data-element_type=\"widget\" data-e-type=\"widget\" data-widget_type=\"image.default\">\n\t\t\t\t<div class=\"elementor-widget-container\">\n\t\t\t\t\t\t\t\t\t\t\t\t\t\t\t<img fetchpriority=\"high\" decoding=\"async\" width=\"800\" height=\"600\" src=\"https:\/\/baumkreisumdiewelt.org\/wp-content\/uploads\/2025\/09\/Baumkreis__Esterhazy-Aktionstag_01__c_Andras-Hafenscher-1024x768.jpeg\" class=\"attachment-large size-large wp-image-1162\" alt=\"Was kommt vom Baum\" srcset=\"https:\/\/baumkreisumdiewelt.org\/wp-content\/uploads\/2025\/09\/Baumkreis__Esterhazy-Aktionstag_01__c_Andras-Hafenscher-1024x768.jpeg 1024w, https:\/\/baumkreisumdiewelt.org\/wp-content\/uploads\/2025\/09\/Baumkreis__Esterhazy-Aktionstag_01__c_Andras-Hafenscher-300x225.jpeg 300w, https:\/\/baumkreisumdiewelt.org\/wp-content\/uploads\/2025\/09\/Baumkreis__Esterhazy-Aktionstag_01__c_Andras-Hafenscher-768x576.jpeg 768w, https:\/\/baumkreisumdiewelt.org\/wp-content\/uploads\/2025\/09\/Baumkreis__Esterhazy-Aktionstag_01__c_Andras-Hafenscher-1536x1152.jpeg 1536w, https:\/\/baumkreisumdiewelt.org\/wp-content\/uploads\/2025\/09\/Baumkreis__Esterhazy-Aktionstag_01__c_Andras-Hafenscher-16x12.jpeg 16w, https:\/\/baumkreisumdiewelt.org\/wp-content\/uploads\/2025\/09\/Baumkreis__Esterhazy-Aktionstag_01__c_Andras-Hafenscher.jpeg 1600w\" sizes=\"(max-width: 800px) 100vw, 800px\" \/>\t\t\t\t\t\t\t\t\t\t\t\t\t\t\t<\/div>\n\t\t\t\t<\/div>\n\t\t\t\t<div class=\"elementor-element elementor-element-209919a elementor-widget elementor-widget-image\" data-id=\"209919a\" data-element_type=\"widget\" data-e-type=\"widget\" data-widget_type=\"image.default\">\n\t\t\t\t<div class=\"elementor-widget-container\">\n\t\t\t\t\t\t\t\t\t\t\t\t\t\t\t<img decoding=\"async\" width=\"768\" height=\"1024\" src=\"https:\/\/baumkreisumdiewelt.org\/wp-content\/uploads\/2025\/09\/Baumkreis__Esterhazy-Aktionstag_03__c_Andras-Hafenscher-768x1024.jpeg\" class=\"attachment-large size-large wp-image-1159\" alt=\"Tim Martina Sch\u00e4ffer und Brigitte Tiefenthaler\" srcset=\"https:\/\/baumkreisumdiewelt.org\/wp-content\/uploads\/2025\/09\/Baumkreis__Esterhazy-Aktionstag_03__c_Andras-Hafenscher-768x1024.jpeg 768w, https:\/\/baumkreisumdiewelt.org\/wp-content\/uploads\/2025\/09\/Baumkreis__Esterhazy-Aktionstag_03__c_Andras-Hafenscher-225x300.jpeg 225w, https:\/\/baumkreisumdiewelt.org\/wp-content\/uploads\/2025\/09\/Baumkreis__Esterhazy-Aktionstag_03__c_Andras-Hafenscher-1152x1536.jpeg 1152w, https:\/\/baumkreisumdiewelt.org\/wp-content\/uploads\/2025\/09\/Baumkreis__Esterhazy-Aktionstag_03__c_Andras-Hafenscher-9x12.jpeg 9w, https:\/\/baumkreisumdiewelt.org\/wp-content\/uploads\/2025\/09\/Baumkreis__Esterhazy-Aktionstag_03__c_Andras-Hafenscher.jpeg 1200w\" sizes=\"(max-width: 768px) 100vw, 768px\" \/>\t\t\t\t\t\t\t\t\t\t\t\t\t\t\t<\/div>\n\t\t\t\t<\/div>\n\t\t\t\t\t<\/div>\n\t\t\t\t<\/div>\n\t\t<div class=\"elementor-element elementor-element-b546ede e-flex e-con-boxed e-con e-parent\" data-id=\"b546ede\" data-element_type=\"container\" data-e-type=\"container\">\n\t\t\t\t\t<div class=\"e-con-inner\">\n\t\t\t\t\t<\/div>\n\t\t\t\t<\/div>\n\t\t\t\t<\/div>","protected":false},"excerpt":{"rendered":"<p>6. Mai 2025, 7:30, str\u00f6mender Regen. Wir, Tim und Brigitte, sind unterwegs zum SDG-Aktionstag (SDG: Sustainable Development Goals) nach Schloss Lackenbach, wo wir im Namen des &#8222;Baumkreis um die Welt&#8220; burgenl\u00e4ndischen Sch\u00fcler*innen vermitteln wollen, wie wichtig B\u00e4ume f\u00fcr das Klima sind. Die Aktion findet im Freien statt\u2026 Regen = schlechtes Wetter? Wir \u00fcberlegen: Was machen [&hellip;]<\/p>\n","protected":false},"author":2,"featured_media":1161,"comment_status":"open","ping_status":"open","sticky":false,"template":"","format":"standard","meta":{"_acf_changed":false,"footnotes":""},"categories":[10],"tags":[18,17,16,19],"class_list":["post-1156","post","type-post","status-publish","format-standard","has-post-thumbnail","hentry","category-blog","tag-aktionstag","tag-esterhazy","tag-sdg","tag-wissensvermittlung"],"acf":[],"_links":{"self":[{"href":"https:\/\/baumkreisumdiewelt.org\/es\/wp-json\/wp\/v2\/posts\/1156","targetHints":{"allow":["GET"]}}],"collection":[{"href":"https:\/\/baumkreisumdiewelt.org\/es\/wp-json\/wp\/v2\/posts"}],"about":[{"href":"https:\/\/baumkreisumdiewelt.org\/es\/wp-json\/wp\/v2\/types\/post"}],"author":[{"embeddable":true,"href":"https:\/\/baumkreisumdiewelt.org\/es\/wp-json\/wp\/v2\/users\/2"}],"replies":[{"embeddable":true,"href":"https:\/\/baumkreisumdiewelt.org\/es\/wp-json\/wp\/v2\/comments?post=1156"}],"version-history":[{"count":3,"href":"https:\/\/baumkreisumdiewelt.org\/es\/wp-json\/wp\/v2\/posts\/1156\/revisions"}],"predecessor-version":[{"id":1165,"href":"https:\/\/baumkreisumdiewelt.org\/es\/wp-json\/wp\/v2\/posts\/1156\/revisions\/1165"}],"wp:featuredmedia":[{"embeddable":true,"href":"https:\/\/baumkreisumdiewelt.org\/es\/wp-json\/wp\/v2\/media\/1161"}],"wp:attachment":[{"href":"https:\/\/baumkreisumdiewelt.org\/es\/wp-json\/wp\/v2\/media?parent=1156"}],"wp:term":[{"taxonomy":"category","embeddable":true,"href":"https:\/\/baumkreisumdiewelt.org\/es\/wp-json\/wp\/v2\/categories?post=1156"},{"taxonomy":"post_tag","embeddable":true,"href":"https:\/\/baumkreisumdiewelt.org\/es\/wp-json\/wp\/v2\/tags?post=1156"}],"curies":[{"name":"wp","href":"https:\/\/api.w.org\/{rel}","templated":true}]}}