{"id":1157,"date":"2025-09-23T17:36:45","date_gmt":"2025-09-23T15:36:45","guid":{"rendered":"https:\/\/baumkreisumdiewelt.org\/?p=1157"},"modified":"2025-09-23T17:54:58","modified_gmt":"2025-09-23T15:54:58","slug":"baumkreis-fest-auftakt-auf-burg-bernstein","status":"publish","type":"post","link":"https:\/\/baumkreisumdiewelt.org\/es\/baumkreis-fest-auftakt-auf-burg-bernstein\/","title":{"rendered":"Festival del c\u00edrculo de \u00e1rboles \"Auftakt!\" en el castillo de Bernstein"},"content":{"rendered":"<div data-elementor-type=\"wp-post\" data-elementor-id=\"1157\" class=\"elementor elementor-1157\" data-elementor-post-type=\"post\">\n\t\t\t\t<div class=\"elementor-element elementor-element-734d913 e-flex e-con-boxed e-con e-parent\" data-id=\"734d913\" data-element_type=\"container\" data-e-type=\"container\">\n\t\t\t\t\t<div class=\"e-con-inner\">\n\t\t\t\t<div class=\"elementor-element elementor-element-04df371 elementor-widget elementor-widget-text-editor\" data-id=\"04df371\" data-element_type=\"widget\" data-e-type=\"widget\" data-widget_type=\"text-editor.default\">\n\t\t\t\t<div class=\"elementor-widget-container\">\n\t\t\t\t\t\t\t\t\t<p>Un fin de semana lleno de m\u00fasica, naturaleza y encuentros genuinos: en el festival de c\u00edrculos de \u00e1rboles \"\u00a1Auftakt! M\u00fasica, \u00e1rboles e historias\" en Burg Bernstein, se reunieron personas que aman los \u00e1rboles, aprecian la m\u00fasica y quieren marcar juntos la diferencia. Durante dos d\u00edas, la gente hizo m\u00fasica, escuch\u00f3, comi\u00f3, cant\u00f3, cont\u00f3 historias y conect\u00f3 con la naturaleza y entre s\u00ed.<br \/><br \/><\/p><h2><strong>Especialmente conmovedor: \"La guitarra y el \u00e1rbol\".<\/strong><\/h2><p>El s\u00e1bado comenz\u00f3 con una visita biol\u00f3gica a cargo de Johanna Alm\u00e1sy, que nos condujo por la fascinante flora que rodea el castillo, salpicada de an\u00e9cdotas y experiencias emocionantes.<\/p><p>En el concierto coloquio <em>\"La guitarra y el \u00e1rbol\"<\/em> Piezas musicales, poemas e historias nos llevaron a los or\u00edgenes de los instrumentos y, por tanto, a los \u00e1rboles. Se pudieron escuchar melod\u00edas antiguas, composiciones originales y melodiosos ejemplos con la guitarra, el violonchelo, el ukelele y el caj\u00f3n. Los constructores de instrumentos y los m\u00fasicos tambi\u00e9n dieron su opini\u00f3n: \u00bfDe d\u00f3nde viene la madera? \u00bfQu\u00e9 hace que suene especial? \u00bfC\u00f3mo podemos garantizar que estos \u00e1rboles sigan creciendo en el futuro?<br \/><br \/>El proyecto \"\u00c1rboles de la Armon\u00eda\", iniciado por Tim Martina Sch\u00e4ffer, tambi\u00e9n se puso en marcha esta tarde, con el objetivo de plantar y proteger \u00e1rboles que tambi\u00e9n desempe\u00f1an un papel en la fabricaci\u00f3n de instrumentos musicales. Un buen comienzo: Gracias por las generosas donaciones.<\/p><h2><strong>Indulgencia en el castillo: la comida como experiencia<\/strong><\/h2><p>El s\u00e1bado se complet\u00f3 con una cena festiva en los salones hist\u00f3ricos del castillo. El cocinero de hierbas sirvi\u00f3 un men\u00fa de varios platos con hierbas silvestres, verduras frescas y carne de la regi\u00f3n, preparado con esmero y servido a la luz de las velas. El ambiente era c\u00e1lido, las conversaciones animadas y la atm\u00f3sfera especial.<\/p><h2><strong>En el bosque: m\u00fasica, cuentos de hadas, asombro<\/strong><\/h2><p>La ma\u00f1ana del domingo estuvo dedicada al bosque. Un paseo juntos por la naturaleza, con estaciones para cantar, escuchar y hacer pausas. Piezas musicales y breves impulsos de atenci\u00f3n plena acompa\u00f1aron el paseo. No fue espectacular, pero s\u00ed profundo, y para muchos un momento para llegar de verdad: consigo mismos y en el mundo. La excursi\u00f3n se coron\u00f3 con dos estaciones en medio del bosque, donde el cuento de hadas del maravilloso peral nos transport\u00f3 a otro mundo y se pudieron admirar y escuchar instrumentos de madera de todo el mundo.<br \/><br \/><\/p><h2><strong>Picnic y final en el patio del castillo<\/strong><\/h2><p>Despu\u00e9s hicimos un picnic todos juntos en el patio del castillo, con pan casero, pastas saladas y aperitivos dulces. El fin de semana termin\u00f3 con sol, m\u00fasica y buen humor. Un espont\u00e1neo concierto final de los m\u00fasicos puso el broche de oro, con piezas escritas y compuestas especialmente para la ocasi\u00f3n. Aplausos atronadores.<\/p><h2><strong>Lo que queda<\/strong><\/h2><p>AUFTAKT! no era un festival cualquiera: era un punto de partida deliberado. Para nuevos proyectos, para la creaci\u00f3n musical sostenible, para una comunidad viva. Para muchos, fue un fin de semana que les inspir\u00f3 para pensar en el futuro, seguir participando y crecer juntos.<\/p><p>\u00a0<\/p>\t\t\t\t\t\t\t\t<\/div>\n\t\t\t\t<\/div>\n\t\t\t\t\t<\/div>\n\t\t\t\t<\/div>\n\t\t<div class=\"elementor-element elementor-element-573f23f e-grid e-con-boxed e-con e-parent\" data-id=\"573f23f\" data-element_type=\"container\" data-e-type=\"container\">\n\t\t\t\t\t<div class=\"e-con-inner\">\n\t\t\t\t<div class=\"elementor-element elementor-element-5789b43 elementor-widget elementor-widget-image\" data-id=\"5789b43\" data-element_type=\"widget\" data-e-type=\"widget\" data-widget_type=\"image.default\">\n\t\t\t\t<div class=\"elementor-widget-container\">\n\t\t\t\t\t\t\t\t\t\t\t\t\t\t\t<img fetchpriority=\"high\" decoding=\"async\" width=\"800\" height=\"600\" src=\"https:\/\/baumkreisumdiewelt.org\/wp-content\/uploads\/2025\/09\/Baumkreis-Fest_2025_02_c-Baumkreis-um-die-Welt-e.V-1024x768.jpeg\" class=\"attachment-large size-large wp-image-1172\" alt=\"\" srcset=\"https:\/\/baumkreisumdiewelt.org\/wp-content\/uploads\/2025\/09\/Baumkreis-Fest_2025_02_c-Baumkreis-um-die-Welt-e.V-1024x768.jpeg 1024w, https:\/\/baumkreisumdiewelt.org\/wp-content\/uploads\/2025\/09\/Baumkreis-Fest_2025_02_c-Baumkreis-um-die-Welt-e.V-300x225.jpeg 300w, https:\/\/baumkreisumdiewelt.org\/wp-content\/uploads\/2025\/09\/Baumkreis-Fest_2025_02_c-Baumkreis-um-die-Welt-e.V-768x576.jpeg 768w, https:\/\/baumkreisumdiewelt.org\/wp-content\/uploads\/2025\/09\/Baumkreis-Fest_2025_02_c-Baumkreis-um-die-Welt-e.V-1536x1152.jpeg 1536w, https:\/\/baumkreisumdiewelt.org\/wp-content\/uploads\/2025\/09\/Baumkreis-Fest_2025_02_c-Baumkreis-um-die-Welt-e.V-16x12.jpeg 16w, https:\/\/baumkreisumdiewelt.org\/wp-content\/uploads\/2025\/09\/Baumkreis-Fest_2025_02_c-Baumkreis-um-die-Welt-e.V.jpeg 2048w\" sizes=\"(max-width: 800px) 100vw, 800px\" \/>\t\t\t\t\t\t\t\t\t\t\t\t\t\t\t<\/div>\n\t\t\t\t<\/div>\n\t\t\t\t<div class=\"elementor-element elementor-element-1cdc30c elementor-widget elementor-widget-image\" data-id=\"1cdc30c\" data-element_type=\"widget\" data-e-type=\"widget\" data-widget_type=\"image.default\">\n\t\t\t\t<div class=\"elementor-widget-container\">\n\t\t\t\t\t\t\t\t\t\t\t\t\t\t\t<img decoding=\"async\" width=\"800\" height=\"600\" src=\"https:\/\/baumkreisumdiewelt.org\/wp-content\/uploads\/2025\/09\/Baumkreis-Fest_2025_03__c-Baumkreis-um-die-Welt-e.V-1024x768.jpeg\" class=\"attachment-large size-large wp-image-1173\" alt=\"\" srcset=\"https:\/\/baumkreisumdiewelt.org\/wp-content\/uploads\/2025\/09\/Baumkreis-Fest_2025_03__c-Baumkreis-um-die-Welt-e.V-1024x768.jpeg 1024w, https:\/\/baumkreisumdiewelt.org\/wp-content\/uploads\/2025\/09\/Baumkreis-Fest_2025_03__c-Baumkreis-um-die-Welt-e.V-300x225.jpeg 300w, https:\/\/baumkreisumdiewelt.org\/wp-content\/uploads\/2025\/09\/Baumkreis-Fest_2025_03__c-Baumkreis-um-die-Welt-e.V-768x576.jpeg 768w, https:\/\/baumkreisumdiewelt.org\/wp-content\/uploads\/2025\/09\/Baumkreis-Fest_2025_03__c-Baumkreis-um-die-Welt-e.V-1536x1152.jpeg 1536w, https:\/\/baumkreisumdiewelt.org\/wp-content\/uploads\/2025\/09\/Baumkreis-Fest_2025_03__c-Baumkreis-um-die-Welt-e.V-16x12.jpeg 16w, https:\/\/baumkreisumdiewelt.org\/wp-content\/uploads\/2025\/09\/Baumkreis-Fest_2025_03__c-Baumkreis-um-die-Welt-e.V.jpeg 2048w\" sizes=\"(max-width: 800px) 100vw, 800px\" \/>\t\t\t\t\t\t\t\t\t\t\t\t\t\t\t<\/div>\n\t\t\t\t<\/div>\n\t\t\t\t\t<\/div>\n\t\t\t\t<\/div>\n\t\t<div class=\"elementor-element elementor-element-c0e324f e-grid e-con-full e-con e-parent\" data-id=\"c0e324f\" data-element_type=\"container\" data-e-type=\"container\">\n\t\t\t\t<div class=\"elementor-element elementor-element-04190f3 elementor-widget elementor-widget-image\" data-id=\"04190f3\" data-element_type=\"widget\" data-e-type=\"widget\" data-widget_type=\"image.default\">\n\t\t\t\t<div class=\"elementor-widget-container\">\n\t\t\t\t\t\t\t\t\t\t\t\t\t\t\t<img decoding=\"async\" width=\"800\" height=\"600\" src=\"https:\/\/baumkreisumdiewelt.org\/wp-content\/uploads\/2025\/09\/Baumkreis-Fest_2025_06__c-Baumkreis-um-die-Welt-e.V-1024x768.jpeg\" class=\"attachment-large size-large wp-image-1169\" alt=\"\" srcset=\"https:\/\/baumkreisumdiewelt.org\/wp-content\/uploads\/2025\/09\/Baumkreis-Fest_2025_06__c-Baumkreis-um-die-Welt-e.V-1024x768.jpeg 1024w, https:\/\/baumkreisumdiewelt.org\/wp-content\/uploads\/2025\/09\/Baumkreis-Fest_2025_06__c-Baumkreis-um-die-Welt-e.V-300x225.jpeg 300w, https:\/\/baumkreisumdiewelt.org\/wp-content\/uploads\/2025\/09\/Baumkreis-Fest_2025_06__c-Baumkreis-um-die-Welt-e.V-768x576.jpeg 768w, https:\/\/baumkreisumdiewelt.org\/wp-content\/uploads\/2025\/09\/Baumkreis-Fest_2025_06__c-Baumkreis-um-die-Welt-e.V-1536x1152.jpeg 1536w, https:\/\/baumkreisumdiewelt.org\/wp-content\/uploads\/2025\/09\/Baumkreis-Fest_2025_06__c-Baumkreis-um-die-Welt-e.V-16x12.jpeg 16w, https:\/\/baumkreisumdiewelt.org\/wp-content\/uploads\/2025\/09\/Baumkreis-Fest_2025_06__c-Baumkreis-um-die-Welt-e.V.jpeg 2048w\" sizes=\"(max-width: 800px) 100vw, 800px\" \/>\t\t\t\t\t\t\t\t\t\t\t\t\t\t\t<\/div>\n\t\t\t\t<\/div>\n\t\t\t\t<div class=\"elementor-element elementor-element-db86b4c elementor-widget elementor-widget-image\" data-id=\"db86b4c\" data-element_type=\"widget\" data-e-type=\"widget\" data-widget_type=\"image.default\">\n\t\t\t\t<div class=\"elementor-widget-container\">\n\t\t\t\t\t\t\t\t\t\t\t\t\t\t\t<img loading=\"lazy\" decoding=\"async\" width=\"800\" height=\"600\" src=\"https:\/\/baumkreisumdiewelt.org\/wp-content\/uploads\/2025\/09\/Baumkreis-Fest_2025_08a__c-Baumkreis-um-die-Welt-e.V.--1024x768.jpeg\" class=\"attachment-large size-large wp-image-1179\" alt=\"\" srcset=\"https:\/\/baumkreisumdiewelt.org\/wp-content\/uploads\/2025\/09\/Baumkreis-Fest_2025_08a__c-Baumkreis-um-die-Welt-e.V.--1024x768.jpeg 1024w, https:\/\/baumkreisumdiewelt.org\/wp-content\/uploads\/2025\/09\/Baumkreis-Fest_2025_08a__c-Baumkreis-um-die-Welt-e.V.--300x225.jpeg 300w, https:\/\/baumkreisumdiewelt.org\/wp-content\/uploads\/2025\/09\/Baumkreis-Fest_2025_08a__c-Baumkreis-um-die-Welt-e.V.--768x576.jpeg 768w, https:\/\/baumkreisumdiewelt.org\/wp-content\/uploads\/2025\/09\/Baumkreis-Fest_2025_08a__c-Baumkreis-um-die-Welt-e.V.--16x12.jpeg 16w, https:\/\/baumkreisumdiewelt.org\/wp-content\/uploads\/2025\/09\/Baumkreis-Fest_2025_08a__c-Baumkreis-um-die-Welt-e.V.-.jpeg 1536w\" sizes=\"(max-width: 800px) 100vw, 800px\" \/>\t\t\t\t\t\t\t\t\t\t\t\t\t\t\t<\/div>\n\t\t\t\t<\/div>\n\t\t\t\t<div class=\"elementor-element elementor-element-9223e57 elementor-widget elementor-widget-image\" data-id=\"9223e57\" data-element_type=\"widget\" data-e-type=\"widget\" data-widget_type=\"image.default\">\n\t\t\t\t<div class=\"elementor-widget-container\">\n\t\t\t\t\t\t\t\t\t\t\t\t\t\t\t<img loading=\"lazy\" decoding=\"async\" width=\"800\" height=\"600\" src=\"https:\/\/baumkreisumdiewelt.org\/wp-content\/uploads\/2025\/09\/Baumkreis-Fest_2025_07__c-Baumkreis-um-die-Welt-e.V-1024x768.jpeg\" class=\"attachment-large size-large wp-image-1170\" alt=\"\" srcset=\"https:\/\/baumkreisumdiewelt.org\/wp-content\/uploads\/2025\/09\/Baumkreis-Fest_2025_07__c-Baumkreis-um-die-Welt-e.V-1024x768.jpeg 1024w, https:\/\/baumkreisumdiewelt.org\/wp-content\/uploads\/2025\/09\/Baumkreis-Fest_2025_07__c-Baumkreis-um-die-Welt-e.V-300x225.jpeg 300w, https:\/\/baumkreisumdiewelt.org\/wp-content\/uploads\/2025\/09\/Baumkreis-Fest_2025_07__c-Baumkreis-um-die-Welt-e.V-768x576.jpeg 768w, https:\/\/baumkreisumdiewelt.org\/wp-content\/uploads\/2025\/09\/Baumkreis-Fest_2025_07__c-Baumkreis-um-die-Welt-e.V-1536x1152.jpeg 1536w, https:\/\/baumkreisumdiewelt.org\/wp-content\/uploads\/2025\/09\/Baumkreis-Fest_2025_07__c-Baumkreis-um-die-Welt-e.V-16x12.jpeg 16w, https:\/\/baumkreisumdiewelt.org\/wp-content\/uploads\/2025\/09\/Baumkreis-Fest_2025_07__c-Baumkreis-um-die-Welt-e.V.jpeg 2048w\" sizes=\"(max-width: 800px) 100vw, 800px\" \/>\t\t\t\t\t\t\t\t\t\t\t\t\t\t\t<\/div>\n\t\t\t\t<\/div>\n\t\t\t\t<div class=\"elementor-element elementor-element-e8ca626 elementor-widget elementor-widget-image\" data-id=\"e8ca626\" data-element_type=\"widget\" data-e-type=\"widget\" data-widget_type=\"image.default\">\n\t\t\t\t<div class=\"elementor-widget-container\">\n\t\t\t\t\t\t\t\t\t\t\t\t\t\t\t<img loading=\"lazy\" decoding=\"async\" width=\"800\" height=\"600\" src=\"https:\/\/baumkreisumdiewelt.org\/wp-content\/uploads\/2025\/09\/Baumkreis-Fest_2025_04__c-Baumkreis-um-die-Welt-e.V-1024x768.jpeg\" class=\"attachment-large size-large wp-image-1167\" alt=\"\" srcset=\"https:\/\/baumkreisumdiewelt.org\/wp-content\/uploads\/2025\/09\/Baumkreis-Fest_2025_04__c-Baumkreis-um-die-Welt-e.V-1024x768.jpeg 1024w, https:\/\/baumkreisumdiewelt.org\/wp-content\/uploads\/2025\/09\/Baumkreis-Fest_2025_04__c-Baumkreis-um-die-Welt-e.V-300x225.jpeg 300w, https:\/\/baumkreisumdiewelt.org\/wp-content\/uploads\/2025\/09\/Baumkreis-Fest_2025_04__c-Baumkreis-um-die-Welt-e.V-768x576.jpeg 768w, https:\/\/baumkreisumdiewelt.org\/wp-content\/uploads\/2025\/09\/Baumkreis-Fest_2025_04__c-Baumkreis-um-die-Welt-e.V-1536x1152.jpeg 1536w, https:\/\/baumkreisumdiewelt.org\/wp-content\/uploads\/2025\/09\/Baumkreis-Fest_2025_04__c-Baumkreis-um-die-Welt-e.V-16x12.jpeg 16w, https:\/\/baumkreisumdiewelt.org\/wp-content\/uploads\/2025\/09\/Baumkreis-Fest_2025_04__c-Baumkreis-um-die-Welt-e.V.jpeg 2048w\" sizes=\"(max-width: 800px) 100vw, 800px\" \/>\t\t\t\t\t\t\t\t\t\t\t\t\t\t\t<\/div>\n\t\t\t\t<\/div>\n\t\t\t\t<div class=\"elementor-element elementor-element-948fba1 elementor-widget elementor-widget-image\" data-id=\"948fba1\" data-element_type=\"widget\" data-e-type=\"widget\" data-widget_type=\"image.default\">\n\t\t\t\t<div class=\"elementor-widget-container\">\n\t\t\t\t\t\t\t\t\t\t\t\t\t\t\t<img loading=\"lazy\" decoding=\"async\" width=\"800\" height=\"600\" src=\"https:\/\/baumkreisumdiewelt.org\/wp-content\/uploads\/2025\/09\/Baumkreis-Fest_2025_05__c-Baumkreis-um-die-Welt-e.V-1024x768.jpeg\" class=\"attachment-large size-large wp-image-1168\" alt=\"\" srcset=\"https:\/\/baumkreisumdiewelt.org\/wp-content\/uploads\/2025\/09\/Baumkreis-Fest_2025_05__c-Baumkreis-um-die-Welt-e.V-1024x768.jpeg 1024w, https:\/\/baumkreisumdiewelt.org\/wp-content\/uploads\/2025\/09\/Baumkreis-Fest_2025_05__c-Baumkreis-um-die-Welt-e.V-300x225.jpeg 300w, https:\/\/baumkreisumdiewelt.org\/wp-content\/uploads\/2025\/09\/Baumkreis-Fest_2025_05__c-Baumkreis-um-die-Welt-e.V-768x576.jpeg 768w, https:\/\/baumkreisumdiewelt.org\/wp-content\/uploads\/2025\/09\/Baumkreis-Fest_2025_05__c-Baumkreis-um-die-Welt-e.V-1536x1152.jpeg 1536w, https:\/\/baumkreisumdiewelt.org\/wp-content\/uploads\/2025\/09\/Baumkreis-Fest_2025_05__c-Baumkreis-um-die-Welt-e.V-16x12.jpeg 16w, https:\/\/baumkreisumdiewelt.org\/wp-content\/uploads\/2025\/09\/Baumkreis-Fest_2025_05__c-Baumkreis-um-die-Welt-e.V.jpeg 2048w\" sizes=\"(max-width: 800px) 100vw, 800px\" \/>\t\t\t\t\t\t\t\t\t\t\t\t\t\t\t<\/div>\n\t\t\t\t<\/div>\n\t\t\t\t<div class=\"elementor-element elementor-element-9785e60 elementor-widget elementor-widget-image\" data-id=\"9785e60\" data-element_type=\"widget\" data-e-type=\"widget\" data-widget_type=\"image.default\">\n\t\t\t\t<div class=\"elementor-widget-container\">\n\t\t\t\t\t\t\t\t\t\t\t\t\t\t\t<img loading=\"lazy\" decoding=\"async\" width=\"800\" height=\"600\" src=\"https:\/\/baumkreisumdiewelt.org\/wp-content\/uploads\/2025\/09\/Baumkreis-Fest_2025_09__c-Baumkreis-um-die-Welt-e.V-1-1024x768.jpeg\" class=\"attachment-large size-large wp-image-1180\" alt=\"\" srcset=\"https:\/\/baumkreisumdiewelt.org\/wp-content\/uploads\/2025\/09\/Baumkreis-Fest_2025_09__c-Baumkreis-um-die-Welt-e.V-1-1024x768.jpeg 1024w, https:\/\/baumkreisumdiewelt.org\/wp-content\/uploads\/2025\/09\/Baumkreis-Fest_2025_09__c-Baumkreis-um-die-Welt-e.V-1-300x225.jpeg 300w, https:\/\/baumkreisumdiewelt.org\/wp-content\/uploads\/2025\/09\/Baumkreis-Fest_2025_09__c-Baumkreis-um-die-Welt-e.V-1-768x576.jpeg 768w, https:\/\/baumkreisumdiewelt.org\/wp-content\/uploads\/2025\/09\/Baumkreis-Fest_2025_09__c-Baumkreis-um-die-Welt-e.V-1-1536x1152.jpeg 1536w, https:\/\/baumkreisumdiewelt.org\/wp-content\/uploads\/2025\/09\/Baumkreis-Fest_2025_09__c-Baumkreis-um-die-Welt-e.V-1-16x12.jpeg 16w, https:\/\/baumkreisumdiewelt.org\/wp-content\/uploads\/2025\/09\/Baumkreis-Fest_2025_09__c-Baumkreis-um-die-Welt-e.V-1.jpeg 2048w\" sizes=\"(max-width: 800px) 100vw, 800px\" \/>\t\t\t\t\t\t\t\t\t\t\t\t\t\t\t<\/div>\n\t\t\t\t<\/div>\n\t\t\t\t<\/div>\n\t\t<div class=\"elementor-element elementor-element-693aee8 e-flex e-con-boxed e-con e-parent\" data-id=\"693aee8\" data-element_type=\"container\" data-e-type=\"container\">\n\t\t\t\t\t<div class=\"e-con-inner\">\n\t\t\t\t<div class=\"elementor-element elementor-element-905a768 elementor-widget elementor-widget-image\" data-id=\"905a768\" data-element_type=\"widget\" data-e-type=\"widget\" data-widget_type=\"image.default\">\n\t\t\t\t<div class=\"elementor-widget-container\">\n\t\t\t\t\t\t\t\t\t\t\t\t\t\t\t<img loading=\"lazy\" decoding=\"async\" width=\"800\" height=\"600\" src=\"https:\/\/baumkreisumdiewelt.org\/wp-content\/uploads\/2025\/09\/Baumkreis_Fest_2025__Combo-1024x768.jpeg\" class=\"attachment-large size-large wp-image-1143\" alt=\"Musikerinnen und Musiker der Baumkreis-um-die-Welt-Combo\" srcset=\"https:\/\/baumkreisumdiewelt.org\/wp-content\/uploads\/2025\/09\/Baumkreis_Fest_2025__Combo-1024x768.jpeg 1024w, https:\/\/baumkreisumdiewelt.org\/wp-content\/uploads\/2025\/09\/Baumkreis_Fest_2025__Combo-300x225.jpeg 300w, https:\/\/baumkreisumdiewelt.org\/wp-content\/uploads\/2025\/09\/Baumkreis_Fest_2025__Combo-768x576.jpeg 768w, https:\/\/baumkreisumdiewelt.org\/wp-content\/uploads\/2025\/09\/Baumkreis_Fest_2025__Combo-1536x1152.jpeg 1536w, https:\/\/baumkreisumdiewelt.org\/wp-content\/uploads\/2025\/09\/Baumkreis_Fest_2025__Combo-16x12.jpeg 16w, https:\/\/baumkreisumdiewelt.org\/wp-content\/uploads\/2025\/09\/Baumkreis_Fest_2025__Combo.jpeg 2048w\" sizes=\"(max-width: 800px) 100vw, 800px\" \/>\t\t\t\t\t\t\t\t\t\t\t\t\t\t\t<\/div>\n\t\t\t\t<\/div>\n\t\t\t\t\t<\/div>\n\t\t\t\t<\/div>\n\t\t\t\t<\/div>","protected":false},"excerpt":{"rendered":"<p>Ein Wochenende voller Musik, Natur und echter Begegnung: Beim Baumkreis-Fest \u201eAuftakt! Musik, B\u00e4ume und Geschichten\u201c auf Burg Bernstein trafen sich Menschen, die B\u00e4ume lieben, Musik sch\u00e4tzen und gemeinsam etwas bewegen wollen. Zwei Tage lang wurde musiziert, gelauscht, gegessen, gesungen, erz\u00e4hlt und verbunden \u2013 mit der Natur und miteinander. Besonders ber\u00fchrend: \u201eDie Gitarre und der Baum\u201c [&hellip;]<\/p>\n","protected":false},"author":2,"featured_media":1143,"comment_status":"open","ping_status":"open","sticky":false,"template":"","format":"standard","meta":{"_acf_changed":false,"footnotes":""},"categories":[10],"tags":[11,14,12,15,13],"class_list":["post-1157","post","type-post","status-publish","format-standard","has-post-thumbnail","hentry","category-blog","tag-auftakt","tag-baumkreisfest","tag-fest","tag-gitarre","tag-trees-of-harmony"],"acf":[],"_links":{"self":[{"href":"https:\/\/baumkreisumdiewelt.org\/es\/wp-json\/wp\/v2\/posts\/1157","targetHints":{"allow":["GET"]}}],"collection":[{"href":"https:\/\/baumkreisumdiewelt.org\/es\/wp-json\/wp\/v2\/posts"}],"about":[{"href":"https:\/\/baumkreisumdiewelt.org\/es\/wp-json\/wp\/v2\/types\/post"}],"author":[{"embeddable":true,"href":"https:\/\/baumkreisumdiewelt.org\/es\/wp-json\/wp\/v2\/users\/2"}],"replies":[{"embeddable":true,"href":"https:\/\/baumkreisumdiewelt.org\/es\/wp-json\/wp\/v2\/comments?post=1157"}],"version-history":[{"count":6,"href":"https:\/\/baumkreisumdiewelt.org\/es\/wp-json\/wp\/v2\/posts\/1157\/revisions"}],"predecessor-version":[{"id":1183,"href":"https:\/\/baumkreisumdiewelt.org\/es\/wp-json\/wp\/v2\/posts\/1157\/revisions\/1183"}],"wp:featuredmedia":[{"embeddable":true,"href":"https:\/\/baumkreisumdiewelt.org\/es\/wp-json\/wp\/v2\/media\/1143"}],"wp:attachment":[{"href":"https:\/\/baumkreisumdiewelt.org\/es\/wp-json\/wp\/v2\/media?parent=1157"}],"wp:term":[{"taxonomy":"category","embeddable":true,"href":"https:\/\/baumkreisumdiewelt.org\/es\/wp-json\/wp\/v2\/categories?post=1157"},{"taxonomy":"post_tag","embeddable":true,"href":"https:\/\/baumkreisumdiewelt.org\/es\/wp-json\/wp\/v2\/tags?post=1157"}],"curies":[{"name":"wp","href":"https:\/\/api.w.org\/{rel}","templated":true}]}}