{"id":1281,"date":"2025-11-30T23:18:49","date_gmt":"2025-11-30T22:18:49","guid":{"rendered":"https:\/\/baumkreisumdiewelt.org\/?p=1281"},"modified":"2025-11-30T23:33:32","modified_gmt":"2025-11-30T22:33:32","slug":"baum%e2%80%91-und-wildkraeuter%e2%80%91wochenende-in-tirol","status":"publish","type":"post","link":"https:\/\/baumkreisumdiewelt.org\/es\/baum%e2%80%91-und-wildkraeuter%e2%80%91wochenende-in-tirol\/","title":{"rendered":"Fin de semana de \u00e1rboles y hierbas silvestres en el Tirol"},"content":{"rendered":"<div data-elementor-type=\"wp-post\" data-elementor-id=\"1281\" class=\"elementor elementor-1281\" data-elementor-post-type=\"post\">\n\t\t\t\t<div class=\"elementor-element elementor-element-734d913 e-flex e-con-boxed e-con e-parent\" data-id=\"734d913\" data-element_type=\"container\" data-e-type=\"container\">\n\t\t\t\t\t<div class=\"e-con-inner\">\n\t\t\t\t<div class=\"elementor-element elementor-element-04df371 elementor-widget elementor-widget-text-editor\" data-id=\"04df371\" data-element_type=\"widget\" data-e-type=\"widget\" data-widget_type=\"text-editor.default\">\n\t\t\t\t<div class=\"elementor-widget-container\">\n\t\t\t\t\t\t\t\t\t<p>Del 13 al 15 de junio de 2025, ocho miembros de nuestro c\u00edrculo de \u00e1rboles se reunieron en un seminario intensivo de tres d\u00edas en Obsteig, en la meseta de Mieminger, una regi\u00f3n id\u00edlica al sur del Zugspitze y al oeste de Innsbruck. Bajo la direcci\u00f3n de Susanne Patzleiner-Rieser y sus colegas Laura y Gabriele, nos sumergimos en el mundo local de los bosques y las hierbas y vivimos un fin de semana lleno de experiencias sensoriales, comunidad y artesan\u00eda pr\u00e1ctica.<\/p><h2><strong>Llegada y primeros descubrimientos - D\u00eda 1<\/strong><\/h2><p>Quedamos con Susanne en su acogedora casa de Obsteig. Tras una breve introducci\u00f3n a las hierbas silvestres y los \u00e1rboles de la zona, fuimos a un bosque cercano donde hicimos juntos una meditaci\u00f3n en los \u00e1rboles. Mientras nos apoy\u00e1bamos en los abetos y alerces, mir\u00e1bamos pasar a los caballos, ponis y vacas, que se interesaban m\u00e1s o menos por nosotros. Susanne nos ense\u00f1\u00f3 algunas formas sencillas de procesar las plantas que encontramos y nos explic\u00f3 sus usos tradicionales.<\/p><h2><strong>Rituales, m\u00fasica y delicias culinarias - D\u00eda 2<\/strong><\/h2><p>Junto con Laura, exploramos otras zonas del bosque y aprendimos varios rituales forestales. Acompa\u00f1ados de tambores, cantos y la guitarra de Tim, crearon una atm\u00f3sfera especial. Otros ejercicios de concienciaci\u00f3n y meditaciones en los \u00e1rboles nos ayudaron a sentir la presencia de los \u201eseres del bosque\u201c. Un punto culminante fue la subida a una posada tradicional en lo alto de las monta\u00f1as, donde almorzamos juntos y disfrutamos de las maravillosas vistas de la meseta de Mieminger. Por la tarde, aprovechamos el buen tiempo para regresar r\u00e1pidamente a la casa antes de una inminente tormenta. All\u00ed cocinamos juntos un ung\u00fcento de resina e hicimos oxima de sa\u00faco. Susanne nos explic\u00f3 detalladamente los efectos de cada planta y nos dio consejos pr\u00e1cticos sobre c\u00f3mo utilizarlas.<\/p><h2><strong>El viejo robledal - D\u00eda 3<\/strong><\/h2><p>Junto con Gabriele, colega de Susanne, nos adentramos en el Stamser Eichenwald, un antiguo bosque de robles, donde nos habl\u00f3 de su rica flora y fauna. Contemplamos impresionantes robles centenarios, recogimos hierbas silvestres y profundizamos en el complejo ecosistema del bosque. El fin de semana termin\u00f3 con un sentimiento de profunda conexi\u00f3n, tanto entre nosotros como con la naturaleza. No s\u00f3lo adquirimos nuevos conocimientos sobre los \u00e1rboles, las hierbas y su procesamiento, sino que tambi\u00e9n nos unimos m\u00e1s como grupo.\u00a0<\/p><h2>Outlook<\/h2><p>Esperamos que este inspirador seminario pueda volver a celebrarse en los pr\u00f3ximos a\u00f1os y que m\u00e1s miembros del c\u00edrculo de los \u00e1rboles tengan la oportunidad de vivir experiencias tan intensas en la naturaleza. Los costes del seminario corrieron a cargo de cada participante. No se utilizaron fondos de la asociaci\u00f3n para el evento.<\/p><p>En nombre de todos los participantes, queremos dar las gracias a Susanne, Laura, Gabriele y todos los \u201eayudantes en el bosque\u201c por un fin de semana inolvidable.<\/p><h2>\u00a0<\/h2>\t\t\t\t\t\t\t\t<\/div>\n\t\t\t\t<\/div>\n\t\t\t\t\t<\/div>\n\t\t\t\t<\/div>\n\t\t<div class=\"elementor-element elementor-element-573f23f e-grid e-con-boxed e-con e-parent\" data-id=\"573f23f\" data-element_type=\"container\" data-e-type=\"container\">\n\t\t\t\t\t<div class=\"e-con-inner\">\n\t\t\t\t<div class=\"elementor-element elementor-element-5789b43 elementor-widget elementor-widget-image\" data-id=\"5789b43\" data-element_type=\"widget\" data-e-type=\"widget\" data-widget_type=\"image.default\">\n\t\t\t\t<div class=\"elementor-widget-container\">\n\t\t\t\t\t\t\t\t\t\t\t\t\t\t\t<img fetchpriority=\"high\" decoding=\"async\" width=\"800\" height=\"584\" src=\"https:\/\/baumkreisumdiewelt.org\/wp-content\/uploads\/2025\/11\/Baumkreis_Baumwochenende-Obsteig4-1-1024x747.jpg\" class=\"attachment-large size-large wp-image-1298\" alt=\"\" srcset=\"https:\/\/baumkreisumdiewelt.org\/wp-content\/uploads\/2025\/11\/Baumkreis_Baumwochenende-Obsteig4-1-1024x747.jpg 1024w, https:\/\/baumkreisumdiewelt.org\/wp-content\/uploads\/2025\/11\/Baumkreis_Baumwochenende-Obsteig4-1-300x219.jpg 300w, https:\/\/baumkreisumdiewelt.org\/wp-content\/uploads\/2025\/11\/Baumkreis_Baumwochenende-Obsteig4-1-768x560.jpg 768w, https:\/\/baumkreisumdiewelt.org\/wp-content\/uploads\/2025\/11\/Baumkreis_Baumwochenende-Obsteig4-1-16x12.jpg 16w, https:\/\/baumkreisumdiewelt.org\/wp-content\/uploads\/2025\/11\/Baumkreis_Baumwochenende-Obsteig4-1.jpg 1179w\" sizes=\"(max-width: 800px) 100vw, 800px\" \/>\t\t\t\t\t\t\t\t\t\t\t\t\t\t\t<\/div>\n\t\t\t\t<\/div>\n\t\t\t\t<div class=\"elementor-element elementor-element-1cdc30c elementor-widget elementor-widget-image\" data-id=\"1cdc30c\" data-element_type=\"widget\" data-e-type=\"widget\" data-widget_type=\"image.default\">\n\t\t\t\t<div class=\"elementor-widget-container\">\n\t\t\t\t\t\t\t\t\t\t\t\t\t\t\t<img decoding=\"async\" width=\"800\" height=\"594\" src=\"https:\/\/baumkreisumdiewelt.org\/wp-content\/uploads\/2025\/11\/Baumkreis_Baumwochenende-Obsteig2-1-1024x760.jpg\" class=\"attachment-large size-large wp-image-1294\" alt=\"\" srcset=\"https:\/\/baumkreisumdiewelt.org\/wp-content\/uploads\/2025\/11\/Baumkreis_Baumwochenende-Obsteig2-1-1024x760.jpg 1024w, https:\/\/baumkreisumdiewelt.org\/wp-content\/uploads\/2025\/11\/Baumkreis_Baumwochenende-Obsteig2-1-300x223.jpg 300w, https:\/\/baumkreisumdiewelt.org\/wp-content\/uploads\/2025\/11\/Baumkreis_Baumwochenende-Obsteig2-1-768x570.jpg 768w, https:\/\/baumkreisumdiewelt.org\/wp-content\/uploads\/2025\/11\/Baumkreis_Baumwochenende-Obsteig2-1-16x12.jpg 16w, https:\/\/baumkreisumdiewelt.org\/wp-content\/uploads\/2025\/11\/Baumkreis_Baumwochenende-Obsteig2-1.jpg 1179w\" sizes=\"(max-width: 800px) 100vw, 800px\" \/>\t\t\t\t\t\t\t\t\t\t\t\t\t\t\t<\/div>\n\t\t\t\t<\/div>\n\t\t\t\t\t<\/div>\n\t\t\t\t<\/div>\n\t\t<div class=\"elementor-element elementor-element-7a6e90c e-grid e-con-boxed e-con e-parent\" data-id=\"7a6e90c\" data-element_type=\"container\" data-e-type=\"container\">\n\t\t\t\t\t<div class=\"e-con-inner\">\n\t\t\t\t<div class=\"elementor-element elementor-element-9d69022 elementor-widget elementor-widget-image\" data-id=\"9d69022\" data-element_type=\"widget\" data-e-type=\"widget\" data-widget_type=\"image.default\">\n\t\t\t\t<div class=\"elementor-widget-container\">\n\t\t\t\t\t\t\t\t\t\t\t\t\t\t\t<img decoding=\"async\" width=\"800\" height=\"589\" src=\"https:\/\/baumkreisumdiewelt.org\/wp-content\/uploads\/2025\/11\/Baumkreis_Baumwochenende-Obsteig1-1-1024x754.jpg\" class=\"attachment-large size-large wp-image-1292\" alt=\"Titelbild, zeigt Baumkreismenschen am Weg zum Baumwochenende\" srcset=\"https:\/\/baumkreisumdiewelt.org\/wp-content\/uploads\/2025\/11\/Baumkreis_Baumwochenende-Obsteig1-1-1024x754.jpg 1024w, https:\/\/baumkreisumdiewelt.org\/wp-content\/uploads\/2025\/11\/Baumkreis_Baumwochenende-Obsteig1-1-300x221.jpg 300w, https:\/\/baumkreisumdiewelt.org\/wp-content\/uploads\/2025\/11\/Baumkreis_Baumwochenende-Obsteig1-1-768x565.jpg 768w, https:\/\/baumkreisumdiewelt.org\/wp-content\/uploads\/2025\/11\/Baumkreis_Baumwochenende-Obsteig1-1-16x12.jpg 16w, https:\/\/baumkreisumdiewelt.org\/wp-content\/uploads\/2025\/11\/Baumkreis_Baumwochenende-Obsteig1-1.jpg 1179w\" sizes=\"(max-width: 800px) 100vw, 800px\" \/>\t\t\t\t\t\t\t\t\t\t\t\t\t\t\t<\/div>\n\t\t\t\t<\/div>\n\t\t\t\t<div class=\"elementor-element elementor-element-0d23ec1 elementor-widget elementor-widget-image\" data-id=\"0d23ec1\" data-element_type=\"widget\" data-e-type=\"widget\" data-widget_type=\"image.default\">\n\t\t\t\t<div class=\"elementor-widget-container\">\n\t\t\t\t\t\t\t\t\t\t\t\t\t\t\t<img loading=\"lazy\" decoding=\"async\" width=\"800\" height=\"592\" src=\"https:\/\/baumkreisumdiewelt.org\/wp-content\/uploads\/2025\/11\/Baumkreis_Baumwochenende-Obsteig3-1-1024x758.jpg\" class=\"attachment-large size-large wp-image-1297\" alt=\"\" srcset=\"https:\/\/baumkreisumdiewelt.org\/wp-content\/uploads\/2025\/11\/Baumkreis_Baumwochenende-Obsteig3-1-1024x758.jpg 1024w, https:\/\/baumkreisumdiewelt.org\/wp-content\/uploads\/2025\/11\/Baumkreis_Baumwochenende-Obsteig3-1-300x222.jpg 300w, https:\/\/baumkreisumdiewelt.org\/wp-content\/uploads\/2025\/11\/Baumkreis_Baumwochenende-Obsteig3-1-768x569.jpg 768w, https:\/\/baumkreisumdiewelt.org\/wp-content\/uploads\/2025\/11\/Baumkreis_Baumwochenende-Obsteig3-1-16x12.jpg 16w, https:\/\/baumkreisumdiewelt.org\/wp-content\/uploads\/2025\/11\/Baumkreis_Baumwochenende-Obsteig3-1.jpg 1179w\" sizes=\"(max-width: 800px) 100vw, 800px\" \/>\t\t\t\t\t\t\t\t\t\t\t\t\t\t\t<\/div>\n\t\t\t\t<\/div>\n\t\t\t\t\t<\/div>\n\t\t\t\t<\/div>\n\t\t\t\t<\/div>","protected":false},"excerpt":{"rendered":"<p>Vom 13. bis 15. Juni 2025 trafen sich acht Mitglieder unseres Baumkreises zu einem intensiven Drei\u2011Tage\u2011Seminar im Obsteig am Mieminger Plateau \u2013 einer idyllischen Region s\u00fcdlich der Zugspitze und westlich von Innsbruck. Unter der Leitung von Susanne Patzleiner-Rieser und ihren Kolleginnen Laura und Gabriele tauchten wir tief in die heimische Wald\u2011 und Kr\u00e4uterwelt ein und [&hellip;]<\/p>\n","protected":false},"author":2,"featured_media":1292,"comment_status":"open","ping_status":"open","sticky":false,"template":"","format":"standard","meta":{"_acf_changed":false,"footnotes":""},"categories":[10],"tags":[11,14,12,15,13],"class_list":["post-1281","post","type-post","status-publish","format-standard","has-post-thumbnail","hentry","category-blog","tag-auftakt","tag-baumkreisfest","tag-fest","tag-gitarre","tag-trees-of-harmony"],"acf":[],"_links":{"self":[{"href":"https:\/\/baumkreisumdiewelt.org\/es\/wp-json\/wp\/v2\/posts\/1281","targetHints":{"allow":["GET"]}}],"collection":[{"href":"https:\/\/baumkreisumdiewelt.org\/es\/wp-json\/wp\/v2\/posts"}],"about":[{"href":"https:\/\/baumkreisumdiewelt.org\/es\/wp-json\/wp\/v2\/types\/post"}],"author":[{"embeddable":true,"href":"https:\/\/baumkreisumdiewelt.org\/es\/wp-json\/wp\/v2\/users\/2"}],"replies":[{"embeddable":true,"href":"https:\/\/baumkreisumdiewelt.org\/es\/wp-json\/wp\/v2\/comments?post=1281"}],"version-history":[{"count":10,"href":"https:\/\/baumkreisumdiewelt.org\/es\/wp-json\/wp\/v2\/posts\/1281\/revisions"}],"predecessor-version":[{"id":1312,"href":"https:\/\/baumkreisumdiewelt.org\/es\/wp-json\/wp\/v2\/posts\/1281\/revisions\/1312"}],"wp:featuredmedia":[{"embeddable":true,"href":"https:\/\/baumkreisumdiewelt.org\/es\/wp-json\/wp\/v2\/media\/1292"}],"wp:attachment":[{"href":"https:\/\/baumkreisumdiewelt.org\/es\/wp-json\/wp\/v2\/media?parent=1281"}],"wp:term":[{"taxonomy":"category","embeddable":true,"href":"https:\/\/baumkreisumdiewelt.org\/es\/wp-json\/wp\/v2\/categories?post=1281"},{"taxonomy":"post_tag","embeddable":true,"href":"https:\/\/baumkreisumdiewelt.org\/es\/wp-json\/wp\/v2\/tags?post=1281"}],"curies":[{"name":"wp","href":"https:\/\/api.w.org\/{rel}","templated":true}]}}