{"id":1320,"date":"2025-12-08T10:41:17","date_gmt":"2025-12-08T09:41:17","guid":{"rendered":"https:\/\/baumkreisumdiewelt.org\/?p=1320"},"modified":"2025-12-08T10:46:12","modified_gmt":"2025-12-08T09:46:12","slug":"geschichten-aus-dem-klangholzwald","status":"publish","type":"post","link":"https:\/\/baumkreisumdiewelt.org\/es\/geschichten-aus-dem-klangholzwald\/","title":{"rendered":"Historias del bosque sonoro"},"content":{"rendered":"<div data-elementor-type=\"wp-post\" data-elementor-id=\"1320\" class=\"elementor elementor-1320\" data-elementor-post-type=\"post\">\n\t\t\t\t<div class=\"elementor-element elementor-element-734d913 e-flex e-con-boxed e-con e-parent\" data-id=\"734d913\" data-element_type=\"container\" data-e-type=\"container\">\n\t\t\t\t\t<div class=\"e-con-inner\">\n\t\t\t\t<div class=\"elementor-element elementor-element-04df371 elementor-widget elementor-widget-text-editor\" data-id=\"04df371\" data-element_type=\"widget\" data-e-type=\"widget\" data-widget_type=\"text-editor.default\">\n\t\t\t\t<div class=\"elementor-widget-container\">\n\t\t\t\t\t\t\t\t\t<p>A finales de agosto de 2025, la fuente del c\u00edrculo de los \u00e1rboles Tim Martina pudo descubrir un bosque de madera sana en Vorarlberg con Andreas y Petra y llevarse muchos conocimientos, experiencias y aventuras para el c\u00edrculo de los \u00e1rboles en todo el mundo.<\/p><p>Qu\u00e9 maravilloso que podamos compartirlo a trav\u00e9s de sus historias.<\/p><h2><strong>Tesoros arb\u00f3reos de 300 a\u00f1os<\/strong><\/h2><p>Fue sencillamente MARAVILLOSO estar con la encantadora guarda forestal Petra y el director forestal Andreas en el bosque de Vorarlberg. Es tan agradable sentir c\u00f3mo Andreas ama \u201esu\u201c bosque y el bosque le ama a \u00e9l. Trabaja mucho con caballos, saca \u00e1rboles individuales y se asegura de que est\u00e9n representados tantos grupos de edad de \u00e1rboles como sea posible. Aqu\u00ed hay muchos \u201etesoros\u201c de m\u00e1s de 300 a\u00f1os, como \u00e9l los llama. El mayor bosque contiguo apto para madera sana de los Alpes, que Andreas cuida desde hace 12 a\u00f1os. Un sue\u00f1o...<\/p><h2><strong>La guitarra del bosque<\/strong><\/h2><p>Por la noche, hubo un concierto de guitarra espont\u00e1neo en el Blockh\u00fcsle con un picnic franc\u00e9s. Junto con los encantadores silvicultores, el hijo de Andreas y unos amigos s\u00faper simp\u00e1ticos que transportan madera sana al norte de Alemania con su empresa de camiones. <br \/><br \/>Toqu\u00e9 la preciosa guitarra de Andreas, cuya tapa procede de este bosque. Tuvo que cortarla hace a\u00f1os, en pleno verano, porque su tapa estaba infestada de escarabajos. Entonces busc\u00f3 personalmente a un fabricante de instrumentos musicales que valorara su hermosa madera. Sigui\u00f3 en contacto con \u00e9l y ahora tiene esta maravillosa guitarra, que tambi\u00e9n considera una reliquia familiar.<\/p>\t\t\t\t\t\t\t\t<\/div>\n\t\t\t\t<\/div>\n\t\t\t\t\t<\/div>\n\t\t\t\t<\/div>\n\t\t<div class=\"elementor-element elementor-element-573f23f e-grid e-con-boxed e-con e-parent\" data-id=\"573f23f\" data-element_type=\"container\" data-e-type=\"container\">\n\t\t\t\t\t<div class=\"e-con-inner\">\n\t\t\t\t<div class=\"elementor-element elementor-element-5789b43 elementor-widget elementor-widget-image\" data-id=\"5789b43\" data-element_type=\"widget\" data-e-type=\"widget\" data-widget_type=\"image.default\">\n\t\t\t\t<div class=\"elementor-widget-container\">\n\t\t\t\t\t\t\t\t\t\t\t\t\t\t\t<img decoding=\"async\" src=\"https:\/\/baumkreisumdiewelt.org\/wp-content\/uploads\/elementor\/thumbs\/Baumkreis_Vorarlberg_2025-08__01-rfujv06g1izfzwckq0tv9xmbxd9rq5hr8ubzyvfda8.jpeg\" title=\"\u00c1rbol_c\u00edrculo_sonido_bosque__01\" alt=\"Baumkreis_Klangholzwald__01\" loading=\"lazy\" \/>\t\t\t\t\t\t\t\t\t\t\t\t\t\t\t<\/div>\n\t\t\t\t<\/div>\n\t\t\t\t<div class=\"elementor-element elementor-element-1cdc30c elementor-widget elementor-widget-image\" data-id=\"1cdc30c\" data-element_type=\"widget\" data-e-type=\"widget\" data-widget_type=\"image.default\">\n\t\t\t\t<div class=\"elementor-widget-container\">\n\t\t\t\t\t\t\t\t\t\t\t\t\t\t\t<img decoding=\"async\" src=\"https:\/\/baumkreisumdiewelt.org\/wp-content\/uploads\/elementor\/thumbs\/Baumkreis_Vorarlberg_2025-08__03-rfujv5th6j75xk4dt39mow73hohz0c459m8wuj708w.jpeg\" title=\"\u00c1rbol_c\u00edrculo_sonoro_bosque__03\" alt=\"Baumkreis_Klangholzwald__03\" loading=\"lazy\" \/>\t\t\t\t\t\t\t\t\t\t\t\t\t\t\t<\/div>\n\t\t\t\t<\/div>\n\t\t\t\t\t<\/div>\n\t\t\t\t<\/div>\n\t\t<div class=\"elementor-element elementor-element-7a6e90c e-grid e-con-boxed e-con e-parent\" data-id=\"7a6e90c\" data-element_type=\"container\" data-e-type=\"container\">\n\t\t\t\t\t<div class=\"e-con-inner\">\n\t\t\t\t<div class=\"elementor-element elementor-element-9d69022 elementor-widget elementor-widget-image\" data-id=\"9d69022\" data-element_type=\"widget\" data-e-type=\"widget\" data-widget_type=\"image.default\">\n\t\t\t\t<div class=\"elementor-widget-container\">\n\t\t\t\t\t\t\t\t\t\t\t\t\t\t\t<img fetchpriority=\"high\" decoding=\"async\" width=\"768\" height=\"1024\" src=\"https:\/\/baumkreisumdiewelt.org\/wp-content\/uploads\/2025\/12\/Baumkreis_Vorarlberg_2025-08__02-768x1024.jpeg\" class=\"attachment-large size-large wp-image-1324\" alt=\"\" srcset=\"https:\/\/baumkreisumdiewelt.org\/wp-content\/uploads\/2025\/12\/Baumkreis_Vorarlberg_2025-08__02-768x1024.jpeg 768w, https:\/\/baumkreisumdiewelt.org\/wp-content\/uploads\/2025\/12\/Baumkreis_Vorarlberg_2025-08__02-225x300.jpeg 225w, https:\/\/baumkreisumdiewelt.org\/wp-content\/uploads\/2025\/12\/Baumkreis_Vorarlberg_2025-08__02-1152x1536.jpeg 1152w, https:\/\/baumkreisumdiewelt.org\/wp-content\/uploads\/2025\/12\/Baumkreis_Vorarlberg_2025-08__02-9x12.jpeg 9w, https:\/\/baumkreisumdiewelt.org\/wp-content\/uploads\/2025\/12\/Baumkreis_Vorarlberg_2025-08__02.jpeg 1200w\" sizes=\"(max-width: 768px) 100vw, 768px\" \/>\t\t\t\t\t\t\t\t\t\t\t\t\t\t\t<\/div>\n\t\t\t\t<\/div>\n\t\t\t\t<div class=\"elementor-element elementor-element-0d23ec1 elementor-widget elementor-widget-image\" data-id=\"0d23ec1\" data-element_type=\"widget\" data-e-type=\"widget\" data-widget_type=\"image.default\">\n\t\t\t\t<div class=\"elementor-widget-container\">\n\t\t\t\t\t\t\t\t\t\t\t\t\t\t\t<img decoding=\"async\" width=\"768\" height=\"1024\" src=\"https:\/\/baumkreisumdiewelt.org\/wp-content\/uploads\/2025\/12\/Baumkreis_Vorarlberg_2025-08__04-768x1024.jpeg\" class=\"attachment-large size-large wp-image-1326\" alt=\"\" srcset=\"https:\/\/baumkreisumdiewelt.org\/wp-content\/uploads\/2025\/12\/Baumkreis_Vorarlberg_2025-08__04-768x1024.jpeg 768w, https:\/\/baumkreisumdiewelt.org\/wp-content\/uploads\/2025\/12\/Baumkreis_Vorarlberg_2025-08__04-225x300.jpeg 225w, https:\/\/baumkreisumdiewelt.org\/wp-content\/uploads\/2025\/12\/Baumkreis_Vorarlberg_2025-08__04-1152x1536.jpeg 1152w, https:\/\/baumkreisumdiewelt.org\/wp-content\/uploads\/2025\/12\/Baumkreis_Vorarlberg_2025-08__04-9x12.jpeg 9w, https:\/\/baumkreisumdiewelt.org\/wp-content\/uploads\/2025\/12\/Baumkreis_Vorarlberg_2025-08__04.jpeg 1200w\" sizes=\"(max-width: 768px) 100vw, 768px\" \/>\t\t\t\t\t\t\t\t\t\t\t\t\t\t\t<\/div>\n\t\t\t\t<\/div>\n\t\t\t\t\t<\/div>\n\t\t\t\t<\/div>\n\t\t\t\t<\/div>","protected":false},"excerpt":{"rendered":"<p>Ende August 2025 durfte Baumkreis-Quelle Tim Martina mit Andreas und Petra einen Klangholzwald in Vorarlberg entdecken und viel Know-How, Erfahrungen und Erlebnisse f\u00fcr den Baumkreis um die Welt daraus mitnehmen. Wie sch\u00f6n, dass wir durch seine Geschichten daran teilhaben d\u00fcrfen. 300 Jahre alte Baumsch\u00e4tze Es war einfach\u00a0 WUNDERVOLL mit der lieben F\u00f6rsterin Petra und Landesforstdirektor [&hellip;]<\/p>\n","protected":false},"author":2,"featured_media":1322,"comment_status":"open","ping_status":"open","sticky":false,"template":"","format":"standard","meta":{"_acf_changed":false,"footnotes":""},"categories":[10],"tags":[24,13,25],"class_list":["post-1320","post","type-post","status-publish","format-standard","has-post-thumbnail","hentry","category-blog","tag-klangholz","tag-trees-of-harmony","tag-waldgeschichten"],"acf":[],"_links":{"self":[{"href":"https:\/\/baumkreisumdiewelt.org\/es\/wp-json\/wp\/v2\/posts\/1320","targetHints":{"allow":["GET"]}}],"collection":[{"href":"https:\/\/baumkreisumdiewelt.org\/es\/wp-json\/wp\/v2\/posts"}],"about":[{"href":"https:\/\/baumkreisumdiewelt.org\/es\/wp-json\/wp\/v2\/types\/post"}],"author":[{"embeddable":true,"href":"https:\/\/baumkreisumdiewelt.org\/es\/wp-json\/wp\/v2\/users\/2"}],"replies":[{"embeddable":true,"href":"https:\/\/baumkreisumdiewelt.org\/es\/wp-json\/wp\/v2\/comments?post=1320"}],"version-history":[{"count":4,"href":"https:\/\/baumkreisumdiewelt.org\/es\/wp-json\/wp\/v2\/posts\/1320\/revisions"}],"predecessor-version":[{"id":1332,"href":"https:\/\/baumkreisumdiewelt.org\/es\/wp-json\/wp\/v2\/posts\/1320\/revisions\/1332"}],"wp:featuredmedia":[{"embeddable":true,"href":"https:\/\/baumkreisumdiewelt.org\/es\/wp-json\/wp\/v2\/media\/1322"}],"wp:attachment":[{"href":"https:\/\/baumkreisumdiewelt.org\/es\/wp-json\/wp\/v2\/media?parent=1320"}],"wp:term":[{"taxonomy":"category","embeddable":true,"href":"https:\/\/baumkreisumdiewelt.org\/es\/wp-json\/wp\/v2\/categories?post=1320"},{"taxonomy":"post_tag","embeddable":true,"href":"https:\/\/baumkreisumdiewelt.org\/es\/wp-json\/wp\/v2\/tags?post=1320"}],"curies":[{"name":"wp","href":"https:\/\/api.w.org\/{rel}","templated":true}]}}