{"id":1334,"date":"2025-12-08T11:30:19","date_gmt":"2025-12-08T10:30:19","guid":{"rendered":"https:\/\/baumkreisumdiewelt.org\/?p=1334"},"modified":"2025-12-08T11:30:38","modified_gmt":"2025-12-08T10:30:38","slug":"vorbereitungen-fuers-baeumepflanzen","status":"publish","type":"post","link":"https:\/\/baumkreisumdiewelt.org\/es\/vorbereitungen-fuers-baeumepflanzen\/","title":{"rendered":"Preparativos para la plantaci\u00f3n de \u00e1rboles"},"content":{"rendered":"<div data-elementor-type=\"wp-post\" data-elementor-id=\"1334\" class=\"elementor elementor-1334\" data-elementor-post-type=\"post\">\n\t\t\t\t<div class=\"elementor-element elementor-element-734d913 e-flex e-con-boxed e-con e-parent\" data-id=\"734d913\" data-element_type=\"container\" data-e-type=\"container\">\n\t\t\t\t\t<div class=\"e-con-inner\">\n\t\t\t\t<div class=\"elementor-element elementor-element-04df371 elementor-widget elementor-widget-text-editor\" data-id=\"04df371\" data-element_type=\"widget\" data-e-type=\"widget\" data-widget_type=\"text-editor.default\">\n\t\t\t\t<div class=\"elementor-widget-container\">\n\t\t\t\t\t\t\t\t\t<p>Mediados de septiembre de 2025: Jornada de inspecci\u00f3n y preparaci\u00f3n de las dos grandes jornadas de plantaci\u00f3n de \u00e1rboles en el Lammer como parte del C\u00edrculo de \u00c1rboles por el Mundo.\u00a0<\/p><h2><strong>Cuidar el bosque<\/strong><\/h2><p>Barbara es desde hace poco guardiana forestal y miembro de Baumkreis um die Welt. Ha recibido un bosque en el Lammer, en Estiria, que ahora quiere cultivar y cuidar de forma sostenible. No se ve a s\u00ed misma principalmente como \u201esilvicultora\u201c o \u201epropietaria de bosques\u201c, sino sobre todo como \u201eguardiana de los bosques\u201c. Lleva varios meses estudiando lo que esto significa y lo que implica. En Baumkreis um die Welt hemos podido acompa\u00f1arla y aprender mucho.\u00a0<\/p><h2><strong>Conocer el bosque<\/strong><\/h2><p>Hay muchas cosas que hay que saber para que un bosque existente sea \u201eapto para el futuro\u201c. Afortunadamente, el guarda forestal Andreas y la guarda forestal Petra nos ayudan con esto y nos dicen en qu\u00e9 debemos fijarnos durante la inspecci\u00f3n.<\/p><p>\u00bfQu\u00e9 hacer tras los da\u00f1os causados por una tormenta? \u00bfQu\u00e9 \u00e1rboles son adecuados para cada terreno? \u00bfQu\u00e9 \u00e1rboles son adecuados para el futuro y pueden soportar el clima actual y, probablemente, el de los pr\u00f3ximos 100 o 200 a\u00f1os? \u00bfEn qu\u00e9 grupos y mezclas deben plantarse los \u00e1rboles? \u00bfQui\u00e9n necesita cu\u00e1nta distancia \/ proximidad? Petra y Andreas recorrieron el bosque con Barbara y Tim y compartieron sus conocimientos y experiencia. Muchas gracias.<\/p><p>Al final, m\u00fasica de guitarra al atardecer y cantar todos juntos mientras los rebozuelos frescos chisporroteaban sobre el fuego...<\/p>\t\t\t\t\t\t\t\t<\/div>\n\t\t\t\t<\/div>\n\t\t\t\t\t<\/div>\n\t\t\t\t<\/div>\n\t\t<div class=\"elementor-element elementor-element-7a6e90c e-grid e-con-boxed e-con e-parent\" data-id=\"7a6e90c\" data-element_type=\"container\" data-e-type=\"container\">\n\t\t\t\t\t<div class=\"e-con-inner\">\n\t\t\t\t<div class=\"elementor-element elementor-element-9d69022 elementor-widget elementor-widget-image\" data-id=\"9d69022\" data-element_type=\"widget\" data-e-type=\"widget\" data-widget_type=\"image.default\">\n\t\t\t\t<div class=\"elementor-widget-container\">\n\t\t\t\t\t\t\t\t\t\t\t\t\t\t\t<img fetchpriority=\"high\" decoding=\"async\" width=\"769\" height=\"1024\" src=\"https:\/\/baumkreisumdiewelt.org\/wp-content\/uploads\/2025\/12\/Baumkreis_Vorbereitung-Baumpflanzen__02-769x1024.jpeg\" class=\"attachment-large size-large wp-image-1338\" alt=\"\" srcset=\"https:\/\/baumkreisumdiewelt.org\/wp-content\/uploads\/2025\/12\/Baumkreis_Vorbereitung-Baumpflanzen__02-769x1024.jpeg 769w, https:\/\/baumkreisumdiewelt.org\/wp-content\/uploads\/2025\/12\/Baumkreis_Vorbereitung-Baumpflanzen__02-225x300.jpeg 225w, https:\/\/baumkreisumdiewelt.org\/wp-content\/uploads\/2025\/12\/Baumkreis_Vorbereitung-Baumpflanzen__02-768x1023.jpeg 768w, https:\/\/baumkreisumdiewelt.org\/wp-content\/uploads\/2025\/12\/Baumkreis_Vorbereitung-Baumpflanzen__02-1153x1536.jpeg 1153w, https:\/\/baumkreisumdiewelt.org\/wp-content\/uploads\/2025\/12\/Baumkreis_Vorbereitung-Baumpflanzen__02-9x12.jpeg 9w, https:\/\/baumkreisumdiewelt.org\/wp-content\/uploads\/2025\/12\/Baumkreis_Vorbereitung-Baumpflanzen__02.jpeg 1201w\" sizes=\"(max-width: 769px) 100vw, 769px\" \/>\t\t\t\t\t\t\t\t\t\t\t\t\t\t\t<\/div>\n\t\t\t\t<\/div>\n\t\t\t\t<div class=\"elementor-element elementor-element-0d23ec1 elementor-widget elementor-widget-image\" data-id=\"0d23ec1\" data-element_type=\"widget\" data-e-type=\"widget\" data-widget_type=\"image.default\">\n\t\t\t\t<div class=\"elementor-widget-container\">\n\t\t\t\t\t\t\t\t\t\t\t\t\t\t\t<img decoding=\"async\" width=\"768\" height=\"1024\" src=\"https:\/\/baumkreisumdiewelt.org\/wp-content\/uploads\/2025\/12\/Baumkreis_Vorbereitung-Baumpflanzen__03-768x1024.jpeg\" class=\"attachment-large size-large wp-image-1339\" alt=\"\" srcset=\"https:\/\/baumkreisumdiewelt.org\/wp-content\/uploads\/2025\/12\/Baumkreis_Vorbereitung-Baumpflanzen__03-768x1024.jpeg 768w, https:\/\/baumkreisumdiewelt.org\/wp-content\/uploads\/2025\/12\/Baumkreis_Vorbereitung-Baumpflanzen__03-225x300.jpeg 225w, https:\/\/baumkreisumdiewelt.org\/wp-content\/uploads\/2025\/12\/Baumkreis_Vorbereitung-Baumpflanzen__03-1152x1536.jpeg 1152w, https:\/\/baumkreisumdiewelt.org\/wp-content\/uploads\/2025\/12\/Baumkreis_Vorbereitung-Baumpflanzen__03-9x12.jpeg 9w, https:\/\/baumkreisumdiewelt.org\/wp-content\/uploads\/2025\/12\/Baumkreis_Vorbereitung-Baumpflanzen__03.jpeg 1200w\" sizes=\"(max-width: 768px) 100vw, 768px\" \/>\t\t\t\t\t\t\t\t\t\t\t\t\t\t\t<\/div>\n\t\t\t\t<\/div>\n\t\t\t\t\t<\/div>\n\t\t\t\t<\/div>\n\t\t<div class=\"elementor-element elementor-element-f5e50d0 e-flex e-con-boxed e-con e-parent\" data-id=\"f5e50d0\" data-element_type=\"container\" data-e-type=\"container\">\n\t\t\t\t\t<div class=\"e-con-inner\">\n\t\t\t\t<div class=\"elementor-element elementor-element-ee98100 elementor-widget elementor-widget-image\" data-id=\"ee98100\" data-element_type=\"widget\" data-e-type=\"widget\" data-widget_type=\"image.default\">\n\t\t\t\t<div class=\"elementor-widget-container\">\n\t\t\t\t\t\t\t\t\t\t\t\t\t\t\t<img decoding=\"async\" width=\"800\" height=\"600\" src=\"https:\/\/baumkreisumdiewelt.org\/wp-content\/uploads\/2025\/12\/Baumkreis_Vorbereitung-Baumpflanzen__05-1024x768.jpeg\" class=\"attachment-large size-large wp-image-1336\" alt=\"\" srcset=\"https:\/\/baumkreisumdiewelt.org\/wp-content\/uploads\/2025\/12\/Baumkreis_Vorbereitung-Baumpflanzen__05-1024x768.jpeg 1024w, https:\/\/baumkreisumdiewelt.org\/wp-content\/uploads\/2025\/12\/Baumkreis_Vorbereitung-Baumpflanzen__05-300x225.jpeg 300w, https:\/\/baumkreisumdiewelt.org\/wp-content\/uploads\/2025\/12\/Baumkreis_Vorbereitung-Baumpflanzen__05-768x576.jpeg 768w, https:\/\/baumkreisumdiewelt.org\/wp-content\/uploads\/2025\/12\/Baumkreis_Vorbereitung-Baumpflanzen__05-1536x1152.jpeg 1536w, https:\/\/baumkreisumdiewelt.org\/wp-content\/uploads\/2025\/12\/Baumkreis_Vorbereitung-Baumpflanzen__05-16x12.jpeg 16w, https:\/\/baumkreisumdiewelt.org\/wp-content\/uploads\/2025\/12\/Baumkreis_Vorbereitung-Baumpflanzen__05.jpeg 1600w\" sizes=\"(max-width: 800px) 100vw, 800px\" \/>\t\t\t\t\t\t\t\t\t\t\t\t\t\t\t<\/div>\n\t\t\t\t<\/div>\n\t\t\t\t\t<\/div>\n\t\t\t\t<\/div>\n\t\t\t\t<\/div>","protected":false},"excerpt":{"rendered":"<p>Mitte September 2025: Begehung und Vorbereitungstag f\u00fcr die zwei gro\u00dfen Baumpflanz-Tage am Lammer im Rahmen des Baumkreis um die Welt.\u00a0 Den Wald h\u00fcten Barbara ist erst seit kurzem Waldh\u00fcterin &#8211; und Mitglied des Baumkreis um die Welt. Am Lammer in der Steiermark hat sie einen Wald bekommen, den sie nun zukunftsf\u00e4hig aufziehen und betreuen m\u00f6chte. [&hellip;]<\/p>\n","protected":false},"author":2,"featured_media":1337,"comment_status":"open","ping_status":"open","sticky":false,"template":"","format":"standard","meta":{"_acf_changed":false,"footnotes":""},"categories":[10],"tags":[24,13,25],"class_list":["post-1334","post","type-post","status-publish","format-standard","has-post-thumbnail","hentry","category-blog","tag-klangholz","tag-trees-of-harmony","tag-waldgeschichten"],"acf":[],"_links":{"self":[{"href":"https:\/\/baumkreisumdiewelt.org\/es\/wp-json\/wp\/v2\/posts\/1334","targetHints":{"allow":["GET"]}}],"collection":[{"href":"https:\/\/baumkreisumdiewelt.org\/es\/wp-json\/wp\/v2\/posts"}],"about":[{"href":"https:\/\/baumkreisumdiewelt.org\/es\/wp-json\/wp\/v2\/types\/post"}],"author":[{"embeddable":true,"href":"https:\/\/baumkreisumdiewelt.org\/es\/wp-json\/wp\/v2\/users\/2"}],"replies":[{"embeddable":true,"href":"https:\/\/baumkreisumdiewelt.org\/es\/wp-json\/wp\/v2\/comments?post=1334"}],"version-history":[{"count":4,"href":"https:\/\/baumkreisumdiewelt.org\/es\/wp-json\/wp\/v2\/posts\/1334\/revisions"}],"predecessor-version":[{"id":1346,"href":"https:\/\/baumkreisumdiewelt.org\/es\/wp-json\/wp\/v2\/posts\/1334\/revisions\/1346"}],"wp:featuredmedia":[{"embeddable":true,"href":"https:\/\/baumkreisumdiewelt.org\/es\/wp-json\/wp\/v2\/media\/1337"}],"wp:attachment":[{"href":"https:\/\/baumkreisumdiewelt.org\/es\/wp-json\/wp\/v2\/media?parent=1334"}],"wp:term":[{"taxonomy":"category","embeddable":true,"href":"https:\/\/baumkreisumdiewelt.org\/es\/wp-json\/wp\/v2\/categories?post=1334"},{"taxonomy":"post_tag","embeddable":true,"href":"https:\/\/baumkreisumdiewelt.org\/es\/wp-json\/wp\/v2\/tags?post=1334"}],"curies":[{"name":"wp","href":"https:\/\/api.w.org\/{rel}","templated":true}]}}